{"id":107,"date":"2007-04-28T15:02:45","date_gmt":"2007-04-28T13:02:45","guid":{"rendered":"http:\/\/www.dynamics-suhl.de\/monsterblog\/2007\/04\/28\/interview-mit-charly-spies\/"},"modified":"2008-05-21T17:49:45","modified_gmt":"2008-05-21T15:49:45","slug":"interview-mit-charly-spies","status":"publish","type":"post","link":"https:\/\/www.dynamics-suhl.de\/monsterblog\/interview-mit-charly-spies\/","title":{"rendered":"Interview mit Charly Spie\u00df"},"content":{"rendered":"<div style=\"background-color:#EDEDED;padding:3px 5px 3px 5px;margin:3px 0px 5px 0px;border:1px solid #DEDEDE\"><strong>Suhl, 28.04.2007:<\/strong> Eine spannende und recht erfolgreiche Saison neigt sich dem Ende entgegen. Dass die Mannschaft das Potential hat um die vorderen R\u00e4nge der h\u00f6chsten deutschen Liga mitzuspielen war schon l\u00e4nger bekannt. Diese Saison jedoch scheint der lange Traum von einem Platz unter den Top 3 nun endlich wahr werden zu k\u00f6nnen.Verletzungsbedingt war es Charly nicht verg\u00f6nnt auch aktiv auf dem Feld mitwirken zu k\u00f6nnen. So fand sie diese Saison ihren Platz als Co-Trainer im Team von Han Abbing. Wie man die Spiele am Rande des Parketts so erlebt versuchten wir nach dem 8. Playoffspiel zu erfahren.<\/div>\n            \n\t\t<div class=\"ngg-gallery-singlepic-image ngg-right\" style=\"max-width: 200px\">\n\t\t\t    \t<a href=\"https:\/\/www.dynamics-suhl.de\/monsterblog\/wp-content\/gallery\/interviews\/interview_13.jpg\"\n\t\t     title=\"Foto: Charly in der MargonArena (c) Bux\"\n             data-src=\"https:\/\/www.dynamics-suhl.de\/monsterblog\/wp-content\/gallery\/interviews\/interview_13.jpg\"\n             data-thumbnail=\"https:\/\/www.dynamics-suhl.de\/monsterblog\/wp-content\/gallery\/interviews\/thumbs\/thumbs_interview_13.jpg\"\n             data-image-id=\"3539\"\n             data-title=\"interview_13.jpg\"\n             data-description=\"Foto: Charly in der MargonArena (c) Bux\"\n             target='_self'\n             class=\"ngg-fancybox\" rel=\"ef2684864f6bb09233ff62380641684c\">\n            <img class=\"ngg-singlepic\"\n             src=\"https:\/\/www.dynamics-suhl.de\/monsterblog\/wp-content\/gallery\/interviews\/cache\/interview_13.jpg-nggid043539-ngg0dyn-200x0x100-00f0w010c010r110f110r010t010.jpg\"\n             alt=\"interview_13.jpg\"\n             title=\"interview_13.jpg\"\n              width=\"200\"               \/>\n    \t<\/a>\n\t\t      <\/div>\n        \n<p><em><strong>Dynamics:<\/strong> Hallo, danke dass du trotz der Abivorbereitung noch ein paar Minuten Zeit f\u00fcr uns gefunden hast. Die letzten Spiele waren, wohl nicht nur f\u00fcr uns Fans, die spannendsten und nervenaufreibendsten der letzten Jahre. Zum heutigen Spiel: Ein hart umk\u00e4mpfter 1. Satz, dann ein Satz zum vergessen, gefolgt von einem furiosen Ende. Wie hast du das Spiel gesehen, was hat f\u00fcr dich den Unterschied ausgemacht.<\/em><br \/><strong>Charly:<\/strong> Ganz klar, den Unterschied haben Han`s Schuhe gemacht. Nein im Ernst ich hatte von Anfang an das Gef\u00fchl dass wir heute gewinnen werden. Die letzten Spiele haben nat\u00fcrlich das Selbstvertrauen gest\u00e4rkt, au\u00dferdem hatte ich das Gef\u00fchl das wir heute den gr\u00f6\u00dferen Siegeswillen hatten. Wir haben es geschafft Fehler hinter uns zu lassen, den zweiten Satz zu vergessen und haben einfach weitergespielt, was uns fr\u00fcher nicht immer gelungen ist. Und wir hatten Heimvorteil.<!--more--><\/p>\n<p><em><strong>Dynamics:<\/strong> Was einem sonst so zum verzweifeln gebracht hat, dass diverse Vorspr\u00fcnge verspielt werden, fast sicher geglaubte S\u00e4tze noch abgegeben werden, all dies scheint die letzten Wochen wie weggeblasen. Auch scheinen Siege, besonders gegen die &quot;Gro\u00dfen&quot; nun auch m\u00f6glich zu sein. Was hat sich bei euch ge\u00e4ndert?<\/em><br \/><strong>Charly:<\/strong> Schwer zu sagen. Also ich kann diese Frage leider nicht beantworten. Ich bin auch nur noch selten zum Training in der Halle. Vielleicht ist die Mannschaft noch mehr zusammen gewachsen. Auf jeden Fall kann man sagen, dass Natasa ihre Position auf Diagonal wirklich gut bew\u00e4ltigt und auch Jelena wieder zu einer guten Form gefunden hat. Ich h\u00e4tte auch nicht gedacht, dass die Annahme so stabil sein wird.<\/p>\n<p><em><strong>Dynamics:<\/strong> Das Team wurde, bedingt durch einige Ausf\u00e4lle, immer wieder umgebaut. Einige Spielerinnen k\u00f6nnen nicht voll trainieren. Jedoch war eine Schw\u00e4chung nicht zu erkennen. Ganz im Gegenteil. Es scheint fast, als ob das Team dadurch gest\u00e4rkt worden w\u00e4re.<\/em><br \/><strong>Charly:<\/strong> Vielleicht ist dadurch die Motivation, nach dem Motto jetzt zeigen wir es euch erst recht, oder die Lockerheit gr\u00f6\u00dfer geworden.<\/p>\n<p><em><strong>Dynamics:<\/strong> Deine Verletzung zieht sich nun schon viele Monate hin. Wie geht es dir?<\/em><br \/><strong>Charly:<\/strong> Mir geht es super. Danke. Ich wollte eigentlich schon im Februar mit dem Training wieder anfangen, aber auf Rat des Arztes musste ich noch 3 Monate warten.<\/p>\n<p><em><strong>Dynamics:<\/strong> Deine neue Rolle im Team als Co-Trainer. Welche Aufgaben kommen dir zu? Wie sieht man das Spiel an der Linie? Magda sagte uns, dass es f\u00fcr sie schwerer ist ein Spiel von Au\u00dfen zu verfolgen, als auf dem Feld.<\/em><br \/><strong>Charly:<\/strong> O ja, da muss ich ihr vollkommen zustimmen. Man kann nicht eingreifen und erlebt das Spiel von au\u00dfen ganz anders. Wobei ich gestehen muss, dass ich nicht alles von den Spielen mitbekomme, also von den einzelnen Aktionen, da ich meistens mit dem PC besch\u00e4ftigt bin. Dort kriege ich Informationen zum Spiel, denn der PC ist mit Micha verlinkt und der dokumentiert\/bewertet ja jeden Spielzug. So kann ich dann beispielsweise gucken wer vom Gegner gerade am annahmeschw\u00e4chsten ist oder wo die Zuspielerin nach der Annahme hinspielt, da kann ich dann unseren Mittelblockern Tipps geben. Ich mache sozusagen in etwa was Timo letztes Jahr gemacht hat.<\/p>\n<p><em><strong>Dynamics:<\/strong> Nun stehst du vor einem Wechsel. Was denkst du, wie wird deine Zukunft aussehen, beruflich und sportlich.<\/em><br \/><strong>Charly:<\/strong> Hoffentlich besser. Also mein Plan ist es erst einmal entweder nur Volleyball zu spielen oder dies mit einem freiwilligen sozialen Jahr zu koppeln. Studieren will ich wenn dann erst das Jahr darauf, muss mich erst einmal von der Schule erholen.<\/p>\n<p><em><strong>Dynamics:<\/strong> Die Zeit in Suhl. Wie siehst du die letzten 2 Jahre? Was w\u00e4re m\u00f6glich gewesen ohne deine Schulterprobleme?<\/em><br \/><strong>Charly:<\/strong> Ja was w\u00e4re wenn. Die ber\u00fchmte Frage. Ich denke, dass ich mich hier spielerisch gut weiterentwickeln h\u00e4tte k\u00f6nnen. Spiele an denen ich schmerzfrei gespielt habe, waren ja auch ganz okay. Die bisherige Zeit in Suhl war zwar sch\u00f6n, aber auch extrem hart, dies war aber vor allem durch den Schulstress bedingt.<\/p>\n<p><em><strong>Dynamics:<\/strong> Viele der VCO-Damen deines Jahrganges sind teilweise zu Stammspielerinnen in ihren neuen Teams geworden. Wie ist der Kontakt zu den ehemaligen Spielerinnen<\/em><br \/><strong>Charly:<\/strong> Zu einigen Spielerinnen habe ich noch Kontakt. Den meisten zu Nadja.<\/p>\n<p><em><strong>Dynamics:<\/strong> Wo ist der Wolf und wie war deine Zeit als Maskottchen. Wurdest du damals gefragt, oder wurde dir das ganze dir aufs Auge gedr\u00fcckt? <img alt=\";)\" src=\"http:\/\/www.dynamics-suhl.de\/graphics\/2_3.gif\" \/><\/em><br \/><strong>Charly:<\/strong> Habt ihr mich doch erkannt? <img alt=\";)\" src=\"http:\/\/www.dynamics-suhl.de\/graphics\/2_3.gif\" \/> Nein, dass habe ich schon freiwillig gemacht. Das erste Mal habe ich mitbekommen, dass derjenige der das eigentlich machen sollte kurzfristig krank geworden ist und da habe ich dann angeboten das zu machen.<\/p>\n<p>Das Interview f\u00fchrte Ralf Hoffmann <em>(BX)<\/em>.<\/p>\n","protected":false},"excerpt":{"rendered":"<p>Suhl, 28.04.2007: Eine spannende und recht erfolgreiche Saison neigt sich dem Ende entgegen. Dass die Mannschaft das Potential hat um die vorderen R\u00e4nge der h\u00f6chsten deutschen Liga mitzuspielen war schon l\u00e4nger bekannt. Diese Saison jedoch scheint der lange Traum von einem Platz unter den Top 3 nun endlich wahr werden zu k\u00f6nnen.Verletzungsbedingt war es Charly [&hellip;]<\/p>\n","protected":false},"author":2,"featured_media":0,"comment_status":"open","ping_status":"closed","sticky":false,"template":"","format":"standard","meta":{"ngg_post_thumbnail":0},"categories":[28],"tags":[111,31],"_links":{"self":[{"href":"https:\/\/www.dynamics-suhl.de\/monsterblog\/wp-json\/wp\/v2\/posts\/107"}],"collection":[{"href":"https:\/\/www.dynamics-suhl.de\/monsterblog\/wp-json\/wp\/v2\/posts"}],"about":[{"href":"https:\/\/www.dynamics-suhl.de\/monsterblog\/wp-json\/wp\/v2\/types\/post"}],"author":[{"embeddable":true,"href":"https:\/\/www.dynamics-suhl.de\/monsterblog\/wp-json\/wp\/v2\/users\/2"}],"replies":[{"embeddable":true,"href":"https:\/\/www.dynamics-suhl.de\/monsterblog\/wp-json\/wp\/v2\/comments?post=107"}],"version-history":[{"count":0,"href":"https:\/\/www.dynamics-suhl.de\/monsterblog\/wp-json\/wp\/v2\/posts\/107\/revisions"}],"wp:attachment":[{"href":"https:\/\/www.dynamics-suhl.de\/monsterblog\/wp-json\/wp\/v2\/media?parent=107"}],"wp:term":[{"taxonomy":"category","embeddable":true,"href":"https:\/\/www.dynamics-suhl.de\/monsterblog\/wp-json\/wp\/v2\/categories?post=107"},{"taxonomy":"post_tag","embeddable":true,"href":"https:\/\/www.dynamics-suhl.de\/monsterblog\/wp-json\/wp\/v2\/tags?post=107"}],"curies":[{"name":"wp","href":"https:\/\/api.w.org\/{rel}","templated":true}]}}