{"id":109,"date":"2007-04-26T15:21:40","date_gmt":"2007-04-26T13:21:40","guid":{"rendered":"http:\/\/www.dynamics-suhl.de\/monsterblog\/2007\/04\/26\/interview-mit-grit-lehmann\/"},"modified":"2008-05-21T18:03:37","modified_gmt":"2008-05-21T16:03:37","slug":"interview-mit-grit-lehmann","status":"publish","type":"post","link":"https:\/\/www.dynamics-suhl.de\/monsterblog\/interview-mit-grit-lehmann\/","title":{"rendered":"Interview mit Grit Lehmann"},"content":{"rendered":"<div style=\"background-color:#EDEDED;padding:3px 5px 3px 5px;margin:3px 0px 5px 0px;border:1px solid #DEDEDE\"><b>Suhl\/Tongeren(BEL), 26.04.2007:<\/b><\/p>\n<p><strong>Wir sind Belgischer Meister!<\/strong><\/p>\n<p>Vor zwei Tagen erfuhren wir vom ersten Neuzugang f\u00fcr die neue Saison: Grit Lehmann. Heute sind wir stolz darauf, dass wir unseren \u201eLesern\u201c das erste Interview mit ihr pr\u00e4sentieren k\u00f6nnen. Gestern (25.04.07) wurde sie mit ihrem aktuellen Team, VBC Euphony Tongeren, Belgischer Meister! Trotz Meisterfeier hat sie sich die Zeit genommen, unsere Fragen zu beantworten. Daf\u00fcr an dieser Stelle noch mal ein gro\u00dfes Dankesch\u00f6n im Namen aller VfB-Fans!<br \/>Viel Spa\u00df beim Lesen!<\/div>\n            \n\t\t<div class=\"ngg-gallery-singlepic-image ngg-right\" style=\"max-width: 200px\">\n\t\t\t    \t<a href=\"https:\/\/www.dynamics-suhl.de\/monsterblog\/wp-content\/gallery\/interviews\/interview_11.jpg\"\n\t\t     title=\"Foto: Belgischer Meister &#039;07 - VBC Tongeren &#013;\n(c) Grit Lehmann\"\n             data-src=\"https:\/\/www.dynamics-suhl.de\/monsterblog\/wp-content\/gallery\/interviews\/interview_11.jpg\"\n             data-thumbnail=\"https:\/\/www.dynamics-suhl.de\/monsterblog\/wp-content\/gallery\/interviews\/thumbs\/thumbs_interview_11.jpg\"\n             data-image-id=\"3534\"\n             data-title=\"interview_11.jpg\"\n             data-description=\"Foto: Belgischer Meister &#039;07 - VBC Tongeren &#013;\n(c) Grit Lehmann\"\n             target='_self'\n             class=\"ngg-fancybox\" rel=\"8a6dcf70be78fab0050ecdc08cb40dce\">\n            <img class=\"ngg-singlepic\"\n             src=\"https:\/\/www.dynamics-suhl.de\/monsterblog\/wp-content\/gallery\/interviews\/cache\/interview_11.jpg-nggid043534-ngg0dyn-200x0x100-00f0w010c010r110f110r010t010.jpg\"\n             alt=\"interview_11.jpg\"\n             title=\"interview_11.jpg\"\n              width=\"200\"               \/>\n    \t<\/a>\n\t\t      <\/div>\n        \n<p><em><strong>Dynamics:<\/strong> Vielen Dank, dass du dich f\u00fcr das kurze Interview bereit erkl\u00e4rt hast. Erst einmal: Herzlichen Gl\u00fcckwunsch zum Gewinn der Belgischen Meisterschaft.<\/em><br \/><strong>Grit:<\/strong> Danke!<\/p>\n<p><em><strong>Dynamics:<\/strong> Das Ergebnis von 3:0 nach Spielen kann sich sehen lassen. Die einzelnen Ergebnisse betrachtet, war das aber offensichtlich eine ganz knappe Angelegenheit. Habt ihr es euch so schwer vorgestellt, oder t\u00e4uschen die knappen Ergebnisse \u00fcber die Kr\u00e4fteverh\u00e4ltnisse hinweg?<\/em><br \/><strong>Grit:<\/strong> Das war eine ziemlich ausgeglichene Sache. Uns war vorher klar, dass es spannend wird, und die Chancen waren 50:50. Die Tagesform und ein bisschen Gl\u00fcck waren ausschlaggebend.<!--more--><\/p>\n<p><em><strong>Dynamics:<\/strong> Was sind deine bislang gr\u00f6\u00dften Erfolge in deiner Karriere und wo w\u00fcrdest du den Titelgewinn mit Tongeren da einordnen?<\/em><br \/><strong>Grit:<\/strong> Auf nationaler Ebene (in Belgien) war das mein gr\u00f6\u00dfter Erfolg. Ansonsten habe ich noch einmal den Supercup in Belgien gewonnen und 3 weitere PlayOff-Finals und Pokalfinals gespielt. In Deutschland war ich mit Berlin Dritter in der Meisterschaft und wir haben das Pokalfinale gespielt. International war mein gr\u00f6\u00dfter Erfolg das erreichen des 3.Platzes bei der Juniorinnen-EM und ein 8.Platz bei der Juniorinnen-WM.<\/p>\n            \n\t\t<div class=\"ngg-gallery-singlepic-image ngg-left\" style=\"max-width: 200px\">\n\t\t\t    \t<a href=\"https:\/\/www.dynamics-suhl.de\/monsterblog\/wp-content\/gallery\/interviews\/interview_11a.jpg\"\n\t\t     title=\"Foto: (c) Grit Lehmann\"\n             data-src=\"https:\/\/www.dynamics-suhl.de\/monsterblog\/wp-content\/gallery\/interviews\/interview_11a.jpg\"\n             data-thumbnail=\"https:\/\/www.dynamics-suhl.de\/monsterblog\/wp-content\/gallery\/interviews\/thumbs\/thumbs_interview_11a.jpg\"\n             data-image-id=\"3535\"\n             data-title=\"interview_11a.jpg\"\n             data-description=\"Foto: (c) Grit Lehmann\"\n             target='_self'\n             class=\"ngg-fancybox\" rel=\"c1ef70e9ca8b9c7ca8498f9a1b6c40e9\">\n            <img class=\"ngg-singlepic\"\n             src=\"https:\/\/www.dynamics-suhl.de\/monsterblog\/wp-content\/gallery\/interviews\/cache\/interview_11a.jpg-nggid043535-ngg0dyn-200x0x100-00f0w010c010r110f110r010t010.jpg\"\n             alt=\"interview_11a.jpg\"\n             title=\"interview_11a.jpg\"\n              width=\"200\"               \/>\n    \t<\/a>\n\t\t      <\/div>\n        \n<p><em><strong>Dynamics:<\/strong> Du kennst ja die belgische Liga jetzt recht gut. Wie ausgeglichen ist die Liga rein sportlich? Ihr habt ja diese Saison in der Hauptrunde nur ein Spiel verloren.<\/em><br \/><strong>Grit:<\/strong> Das Niveau der ersten beiden Mannschaften ist mit dem der ersten sechs Mannschaften in Deutschland zu vergleichen, die Liga ist also bei weitem nicht so ausgeglichen wie in Deutschland.<\/p>\n<p><em><strong>Dynamics:<\/strong> In der belgischen Liga scheint man ja schon nach dem &quot;italienischen Punktesystem&quot; zu spielen, wie es auch bei der DVL angedacht ist f\u00fcr die neue Saison. Was hast Du f\u00fcr Erfahrungen mit dieser Regelung?<\/em><br \/><strong>Grit:<\/strong> Das Punktesystem finde ich nicht schlecht, so werden Mannschaften die viele 3:2-Spiele verlieren doch noch ein bisschen belohnt und man muss aufpassen, jeder Satz z\u00e4hlt, mit einem 3:2-Sieg verliert man direkt einen Punkt, das System macht vieles m\u00f6glich, man muss bis zum Ende auf der Hut sein es ist auf jeden Fall spannender.<\/p>\n<p><em><strong>Dynamics:<\/strong> Wir freuen uns riesig darauf, dich n\u00e4chste Saison f\u00fcr Suhl spielen zu sehen. Wie kam eigentlich der Kontakt zwischen dir und dem VfB zustande?<br \/><\/em><br \/><strong>Grit:<\/strong> Wir hatten schon seit l\u00e4ngerem E-Mail-Kontakt&#8230; den Ausschlag hat dann der Kontakt zu Anja gegeben.<\/p>\n<p><em><strong>Dynamics:<\/strong> Was waren denn die ausschlaggebenden Gr\u00fcnde daf\u00fcr, dass du dich f\u00fcr den Wechsel in den Th\u00fcringer Wald entschlossen hast?<\/em><br \/><strong>Grit:<\/strong> Ich denke, dass ich wieder, so wie damals in Berlin, den Absprung zum richtigen Zeitpunkt geschafft habe. Zum Einen werde ich nicht j\u00fcnger, ich denke, das war meine letzte Chance noch einmal was Neues anzugehen, zum Anderen wird in Deutschland und in Suhl der Volleyballsport viel professioneller als in Belgien betrieben, und mit Anja habe ich nat\u00fcrlich jemanden, den ich gut kenne. Das macht vieles leichter.<\/p>\n<p><em><strong>Dynamics:<\/strong> Deiner Einsch\u00e4tzung nach, was k\u00f6nnen die Mannschaft und du in den n\u00e4chsten 2 Jahren erreichen bzw. was sind deine Ziele?<\/em><br \/><strong>Grit:<\/strong> Nachdem ich ja nun gerade Meisterluft geschnuppert habe&#8230;schmeckt das nat\u00fcrlich nach mehr !!! Das ganze wird nat\u00fcrlich auch wesentlich von der Mannschaftszusammenstellung und den anderen Mannschaften abh\u00e4ngen. Ich bin auf jeden Fall hoch motiviert! Und die Fans in Suhl m\u00fcssen ja erste Sahne sein, was ich bisher so mitbekommen habe. <em>(Das geht ja runter wie \u00d6l! \ud83d\ude09 )<\/em><\/p>\n            \n\t\t<div class=\"ngg-gallery-singlepic-image ngg-right\" style=\"max-width: 200px\">\n\t\t\t    \t<a href=\"https:\/\/www.dynamics-suhl.de\/monsterblog\/wp-content\/gallery\/interviews\/interview_11b.jpg\"\n\t\t     title=\"Foto: (c) Grit Lehmann\"\n             data-src=\"https:\/\/www.dynamics-suhl.de\/monsterblog\/wp-content\/gallery\/interviews\/interview_11b.jpg\"\n             data-thumbnail=\"https:\/\/www.dynamics-suhl.de\/monsterblog\/wp-content\/gallery\/interviews\/thumbs\/thumbs_interview_11b.jpg\"\n             data-image-id=\"3536\"\n             data-title=\"interview_11b.jpg\"\n             data-description=\"Foto: (c) Grit Lehmann\"\n             target='_self'\n             class=\"ngg-fancybox\" rel=\"d723c26eed2da2d75378cc2c86f29ec2\">\n            <img class=\"ngg-singlepic\"\n             src=\"https:\/\/www.dynamics-suhl.de\/monsterblog\/wp-content\/gallery\/interviews\/cache\/interview_11b.jpg-nggid043536-ngg0dyn-200x0x100-00f0w010c010r110f110r010t010.jpg\"\n             alt=\"interview_11b.jpg\"\n             title=\"interview_11b.jpg\"\n              width=\"200\"               \/>\n    \t<\/a>\n\t\t      <\/div>\n        \n<p><em><strong>Dynamics:<\/strong> Bist du schon einmal in Suhl gewesen? Oder konntest du dir vielleicht sogar schon mal ein Spiel des VfB in der Wolfsgrube (dein neues Wohnzimmer <img alt=\";)\" src=\"http:\/\/www.dynamics-suhl.de\/graphics\/2_3.gif\" \/>) anschauen?<\/em><br \/><strong>Grit:<\/strong> Ich war Ostern in Suhl, ich habe 2 Tage mit der Mannschaft mittrainiert. Ein Spiel konnte ich mir leider bisher noch nicht anschauen.<\/p>\n<p><em><strong>Dynamics:<\/strong> Jetzt ist Belgien zwar nicht direkt &quot;\u00dcbersee&quot;, aber gibt es Spielerinnen (insbesondere beim VfB &#8211; aber auch in der DVL), wo du dich besonders auf ein Wiedersehen\/Kennenlernen freust?<\/em><br \/><strong>Grit:<\/strong> Die gro\u00dfe Frage ist, ob sich nach 7 Jahren Belgien \u00fcberhaupt noch jemand an mich erinnern kann?! Und mittlerweile geh\u00f6re ich ja auch zu den \u00c4lteren &#8211; so viele Spielerinnen von damals spielen nicht mehr in der Bundesliga. Ich denke mit Anja und Anna habe ich zwei gute alte Bekannte ganz in der N\u00e4he.<\/p>\n<p><em><strong>Dynamics:<\/strong> Wir bedanken uns f\u00fcr deine M\u00fche und auf bald!<\/em><br \/><strong>Grit:<\/strong> Viele Gr\u00fc\u00dfe und bis demn\u00e4chst in Suhl.<\/p>\n<p>Das Interview f\u00fchrten die Dynamics per Email. Fragen: Thomas Augstein <em>(Adlerauge)<\/em> und Ingolf Rust <em>(SC)<\/em>.<\/p>\n","protected":false},"excerpt":{"rendered":"<p>Suhl\/Tongeren(BEL), 26.04.2007: Wir sind Belgischer Meister! Vor zwei Tagen erfuhren wir vom ersten Neuzugang f\u00fcr die neue Saison: Grit Lehmann. Heute sind wir stolz darauf, dass wir unseren \u201eLesern\u201c das erste Interview mit ihr pr\u00e4sentieren k\u00f6nnen. Gestern (25.04.07) wurde sie mit ihrem aktuellen Team, VBC Euphony Tongeren, Belgischer Meister! Trotz Meisterfeier hat sie sich die [&hellip;]<\/p>\n","protected":false},"author":2,"featured_media":0,"comment_status":"open","ping_status":"closed","sticky":false,"template":"","format":"standard","meta":{"ngg_post_thumbnail":0},"categories":[28],"tags":[63,31],"_links":{"self":[{"href":"https:\/\/www.dynamics-suhl.de\/monsterblog\/wp-json\/wp\/v2\/posts\/109"}],"collection":[{"href":"https:\/\/www.dynamics-suhl.de\/monsterblog\/wp-json\/wp\/v2\/posts"}],"about":[{"href":"https:\/\/www.dynamics-suhl.de\/monsterblog\/wp-json\/wp\/v2\/types\/post"}],"author":[{"embeddable":true,"href":"https:\/\/www.dynamics-suhl.de\/monsterblog\/wp-json\/wp\/v2\/users\/2"}],"replies":[{"embeddable":true,"href":"https:\/\/www.dynamics-suhl.de\/monsterblog\/wp-json\/wp\/v2\/comments?post=109"}],"version-history":[{"count":0,"href":"https:\/\/www.dynamics-suhl.de\/monsterblog\/wp-json\/wp\/v2\/posts\/109\/revisions"}],"wp:attachment":[{"href":"https:\/\/www.dynamics-suhl.de\/monsterblog\/wp-json\/wp\/v2\/media?parent=109"}],"wp:term":[{"taxonomy":"category","embeddable":true,"href":"https:\/\/www.dynamics-suhl.de\/monsterblog\/wp-json\/wp\/v2\/categories?post=109"},{"taxonomy":"post_tag","embeddable":true,"href":"https:\/\/www.dynamics-suhl.de\/monsterblog\/wp-json\/wp\/v2\/tags?post=109"}],"curies":[{"name":"wp","href":"https:\/\/api.w.org\/{rel}","templated":true}]}}