{"id":145,"date":"2008-05-12T13:59:23","date_gmt":"2008-05-12T11:59:23","guid":{"rendered":"http:\/\/www.dynamics-suhl.de\/monsterblog\/?p=145"},"modified":"2008-10-29T20:57:27","modified_gmt":"2008-10-29T18:57:27","slug":"zwischenrufe-vom-balkon-1","status":"publish","type":"post","link":"https:\/\/www.dynamics-suhl.de\/monsterblog\/zwischenrufe-vom-balkon-1\/","title":{"rendered":"Zwischenrufe vom Balkon (1)"},"content":{"rendered":"            \n\t\t<div class=\"ngg-gallery-singlepic-image ngg-left\" style=\"\">\n\t\t\t    \t<a href=\"https:\/\/www.dynamics-suhl.de\/monsterblog\/wp-content\/gallery\/diverse\/kommentare_vom_balkon.png\"\n\t\t     title=\"\"\n             data-src=\"https:\/\/www.dynamics-suhl.de\/monsterblog\/wp-content\/gallery\/diverse\/kommentare_vom_balkon.png\"\n             data-thumbnail=\"https:\/\/www.dynamics-suhl.de\/monsterblog\/wp-content\/gallery\/diverse\/thumbs\/thumbs_kommentare_vom_balkon.png\"\n             data-image-id=\"3525\"\n             data-title=\"kommentare_vom_balkon.png\"\n             data-description=\"\"\n             target='_self'\n             class=\"ngg-fancybox\" rel=\"7ad3dfe69b4bc26c373a2d869594ba21\">\n            <img class=\"ngg-singlepic\"\n             src=\"https:\/\/www.dynamics-suhl.de\/monsterblog\/wp-content\/gallery\/diverse\/cache\/kommentare_vom_balkon.png-nggid043525-ngg0dyn-0x0x100-00f0w010c010r110f110r010t010.png\"\n             alt=\"kommentare_vom_balkon.png\"\n             title=\"kommentare_vom_balkon.png\"\n                           \/>\n    \t<\/a>\n\t\t      <\/div>\n        \n<p>In der &#8222;guten&#8220; Suhler Tradition, hin und wieder mal etwas dazwischen zu rufen, wird Satire im Monsterblog in Zukunft ein passendes Gesicht bekommen. Wann immer also die zwei <a href=\"http:\/\/de.youtube.com\/watch?v=NpYEJx7PkWE\" target=\"_blank\">Querulanten vom Balkon<\/a> ihren Senf dazu geben&#8230;<\/p>\n            \n\t\t<div class=\"ngg-gallery-singlepic-image ngg-right\" style=\"max-width: 200px\">\n\t\t\t    \t<a href=\"https:\/\/www.dynamics-suhl.de\/monsterblog\/wp-content\/gallery\/cartoons\/zonk.png\"\n\t\t     title=\"\"\n             data-src=\"https:\/\/www.dynamics-suhl.de\/monsterblog\/wp-content\/gallery\/cartoons\/zonk.png\"\n             data-thumbnail=\"https:\/\/www.dynamics-suhl.de\/monsterblog\/wp-content\/gallery\/cartoons\/thumbs\/thumbs_zonk.png\"\n             data-image-id=\"3521\"\n             data-title=\"zonk.png\"\n             data-description=\"\"\n             target='_self'\n             class=\"ngg-fancybox\" rel=\"f384065f361d8612b3dbad8efb67f85a\">\n            <img class=\"ngg-singlepic\"\n             src=\"https:\/\/www.dynamics-suhl.de\/monsterblog\/wp-content\/gallery\/cartoons\/cache\/zonk.png-nggid043521-ngg0dyn-200x0x100-00f0w010c010r110f110r010t010.png\"\n             alt=\"zonk.png\"\n             title=\"zonk.png\"\n              width=\"200\"               \/>\n    \t<\/a>\n\t\t      <\/div>\n        \n<p><strong>Heute:<\/strong> Gl\u00fcckw\u00fcnsche nach <a href=\"http:\/\/www.vc-stuttgart.de\/index.php?tacoma=webpart.pages.report.ReportViewPage&amp;navid=4125&amp;coid=4521&amp;cid=0&amp;tacomasid=8c304eb0b4aa3fce72ae15385c4d1465\" target=\"_blank\">Stuttgart<\/a> &#8211; jede neue Halle, die f\u00fcr die DVL gebaut wird, ist ein Schritt weg vom <q>Schulturnhallen-Mief<\/q> <em>(Zitat J\u00fcrgen Schulz, USC M\u00fcnster)<\/em>. Aber hat denn den Schwaben niemand gesagt, dass man f\u00fcr die von ihnen angestrebte <q>optimale Ausrichtung internationaler Gro\u00dfereignisse<\/q> mindestens 12 Meter Deckenh\u00f6he braucht? Zumindest will es die FIVB so, und falls die DVL demn\u00e4chst ihre Statuten anpassen sollte, w\u00fcrde das geplante Schmuckk\u00e4stchen unter der Trib\u00fcne des Gottlieb-Daimler-Stations vielleicht grad noch f\u00fcr Liga Zwo reichen. F\u00fcr diesen Fall hie\u00dfe es wohl: Nachm\u00fcnzen, und statt drei neuer Spielerinnen lieber noch 3 Meter Hallenh\u00f6he nachbestellen.<\/p>\n<p>\ud83d\ude09 <!--more--><\/p>\n<div style=\"background-color:#f5e9e9;padding:3px 5px 3px 5px\"><strong>&#8230;and now for something completely different:<\/strong> Der FIVB-Vorstand hat heute die Regularien bez\u00fcglich der Spielberechtigung von <q>Importspielern<\/q> beschlossen. Demnach wird es im Ermessen der nationalen Verb\u00e4nde liegen, f\u00fcr die n\u00e4chsten beiden Spielzeiten die alten Regelungen weiterhin gelten zu lassen, bevor die heute in Lausanne beschlossenen Vorgaben zu erf\u00fcllen sind.<\/div>\n<div style=\"background-color:#f5e9e9;padding:3px 5px 3px 5px\">\nQuelle: <a href=\"http:\/\/www.fivb.org\/en\/Infomedia\/PressReleaseDB.asp?No=16538&amp;Language=0\" target=\"_blank\">FIVB Pressemitteilung (englisch)<\/a><\/ br><\/p>\n<ul>\n<li><a href=\"http:\/\/www.carookee.com\/forum\/VfB91suhl\/10\/21085403#21085403\" target=\"_blank\">Diskussionsthread im VfB-FanForum<\/a><\/li>\n<li><a href=\"http:\/\/www.volleyball-talk.de\/viewtopic.php?t=4427\" target=\"_blank\">Diskussionsthread bei volleyball-talk.de<\/a><\/li>\n<li><a href=\"http:\/\/www.volleyballer.de\/Auslaenderbeschraenkung-2+1-soll-kommen-Bundesligen_news_11006.html\" target=\"_blank\">Eine erste Reaktion (Conny Kurth)<\/a><\/li>\n<li><a href=\"http:\/\/www.freies-wort.de\/sport\/sport\/thueringensportfw\/art2491,811139\" target=\"_blank\">Ausl\u00e4nderregelung des Weltverbandes st\u00f6\u00dft auf heftige Kritik (Freies Wort)<\/a><\/li>\n<li><a href=\"http:\/\/www.tagesspiegel.de\/sport\/;art272,2530163\" target=\"_blank\">Umstrittener Jugendschutz (Der Tagesspiegel)<\/a><\/li>\n<li><a href=\"http:\/\/www.welt.de\/sport\/article1991675\/Machtkampf_zwischen_Weltverband_und_den_Ligen.html\" target=\"_blank\">Welt-Online<\/a><\/li>\n<\/ul>\n<\/div>\n","protected":false},"excerpt":{"rendered":"<p>In der &#8222;guten&#8220; Suhler Tradition, hin und wieder mal etwas dazwischen zu rufen, wird Satire im Monsterblog in Zukunft ein passendes Gesicht bekommen. Wann immer also die zwei Querulanten vom Balkon ihren Senf dazu geben&#8230; Heute: Gl\u00fcckw\u00fcnsche nach Stuttgart &#8211; jede neue Halle, die f\u00fcr die DVL gebaut wird, ist ein Schritt weg vom Schulturnhallen-Mief [&hellip;]<\/p>\n","protected":false},"author":3,"featured_media":0,"comment_status":"open","ping_status":"closed","sticky":false,"template":"","format":"standard","meta":{"ngg_post_thumbnail":0},"categories":[3,5,122],"tags":[98,97,99,288,107],"_links":{"self":[{"href":"https:\/\/www.dynamics-suhl.de\/monsterblog\/wp-json\/wp\/v2\/posts\/145"}],"collection":[{"href":"https:\/\/www.dynamics-suhl.de\/monsterblog\/wp-json\/wp\/v2\/posts"}],"about":[{"href":"https:\/\/www.dynamics-suhl.de\/monsterblog\/wp-json\/wp\/v2\/types\/post"}],"author":[{"embeddable":true,"href":"https:\/\/www.dynamics-suhl.de\/monsterblog\/wp-json\/wp\/v2\/users\/3"}],"replies":[{"embeddable":true,"href":"https:\/\/www.dynamics-suhl.de\/monsterblog\/wp-json\/wp\/v2\/comments?post=145"}],"version-history":[{"count":0,"href":"https:\/\/www.dynamics-suhl.de\/monsterblog\/wp-json\/wp\/v2\/posts\/145\/revisions"}],"wp:attachment":[{"href":"https:\/\/www.dynamics-suhl.de\/monsterblog\/wp-json\/wp\/v2\/media?parent=145"}],"wp:term":[{"taxonomy":"category","embeddable":true,"href":"https:\/\/www.dynamics-suhl.de\/monsterblog\/wp-json\/wp\/v2\/categories?post=145"},{"taxonomy":"post_tag","embeddable":true,"href":"https:\/\/www.dynamics-suhl.de\/monsterblog\/wp-json\/wp\/v2\/tags?post=145"}],"curies":[{"name":"wp","href":"https:\/\/api.w.org\/{rel}","templated":true}]}}