{"id":157,"date":"2008-05-22T22:27:03","date_gmt":"2008-05-22T20:27:03","guid":{"rendered":"http:\/\/www.dynamics-suhl.de\/monsterblog\/?p=157"},"modified":"2008-05-23T01:20:52","modified_gmt":"2008-05-22T23:20:52","slug":"interview-mit-lauren-ford","status":"publish","type":"post","link":"https:\/\/www.dynamics-suhl.de\/monsterblog\/interview-mit-lauren-ford\/","title":{"rendered":"Interview mit Lauren Ford"},"content":{"rendered":"<p><span style=\"font:11px Verdana\"><a href=\"http:\/\/www.dynamics-suhl.de\/monsterblog\/2008\/05\/22\/interview-mit-lauren-ford\/\"><img src=\"http:\/\/www.dynamics-suhl.de\/monsterblog\/wp-content\/gallery\/interviews\/GER.png\" alt=\"Deutsch\" border=\"0\" \/><\/a>&nbsp;<a href=\"http:\/\/www.dynamics-suhl.de\/monsterblog\/interview-with-lauren-ford\/\"><img src=\"http:\/\/www.dynamics-suhl.de\/monsterblog\/wp-content\/gallery\/interviews\/USA.png\" alt=\"Englisch\" border=\"0\" \/><\/a><\/span><\/p>\n<div style=\"background-color:#EDEDED;padding:3px 5px 3px 5px;margin:3px 0px 5px 0px;border:1px solid #DEDEDE\"><strong>Suhl, 22.05.08<\/strong> Damit die Saisonpause nicht allzu lang wird, haben wir uns entschlossen, mal wieder ein Interview nachzulegen. OK&#8230;zugegeben, wir haben es schon ein Weilchen vor uns hergeschoben. Gestern ging die E-Mail an Lauren dann endlich \u00fcber den Server, und zu unserer gro\u00dfen Freude kam heute postwendend die Antwort. F\u00fcr diese blitzschnellen und ausf\u00fchrlichen Antworten an dieser Stelle noch einmal ein gro\u00dfes &#8222;Thank You!&#8220; an Lauren, und Euch &#8222;Viel Spa\u00df beim Lesen!&#8220; (SC)<\/div>\n            \n\t\t<div class=\"ngg-gallery-singlepic-image ngg-right\" style=\"max-width: 200px\">\n\t\t\t    \t<a href=\"https:\/\/www.dynamics-suhl.de\/monsterblog\/wp-content\/gallery\/2008-03-18_empfang_ccs\/empfang_ccs_48.jpg\"\n\t\t     title=\"\"\n             data-src=\"https:\/\/www.dynamics-suhl.de\/monsterblog\/wp-content\/gallery\/2008-03-18_empfang_ccs\/empfang_ccs_48.jpg\"\n             data-thumbnail=\"https:\/\/www.dynamics-suhl.de\/monsterblog\/wp-content\/gallery\/2008-03-18_empfang_ccs\/thumbs\/thumbs_empfang_ccs_48.jpg\"\n             data-image-id=\"3239\"\n             data-title=\"empfang_ccs_48.jpg\"\n             data-description=\"\"\n             target='_self'\n             class=\"ngg-fancybox\" rel=\"259fe4dc06a361b399eaacc37d25602f\">\n            <img class=\"ngg-singlepic\"\n             src=\"https:\/\/www.dynamics-suhl.de\/monsterblog\/wp-content\/gallery\/2008-03-18_empfang_ccs\/cache\/empfang_ccs_48.jpg-nggid043239-ngg0dyn-200x0x100-00f0w010c010r110f110r010t010.jpg\"\n             alt=\"empfang_ccs_48.jpg\"\n             title=\"empfang_ccs_48.jpg\"\n              width=\"200\"               \/>\n    \t<\/a>\n\t\t      <\/div>\n        \n<p><em><strong>Dynamics:<\/strong> Du musstest dir ja gezwungenerma\u00dfen die letzen Spiele der Saison von der Seitenlinie aus anschauen, nachdem du dich im Spiel gegen Dresden verletzt hattest. Wie geht es dir heute, und wie hast du die vergangenen Wochen seit dem Saisonende verbracht?<\/em><br \/>\n<strong>Lauren:<\/strong> Heute sind offiziell 6 Wochen vergangen seit meiner Operation und deshalb kann ich die Schlinge jetzt abnehmen. Dar\u00fcber bin ich wirklich sehr gl\u00fccklich. Es ist schon ziemlich schwierig, wenn man versucht, die Dinge mit einem Arm zu erledigen. Ich bin immer noch dabei, mit der Hilfe meines Cousins an der Wiederherstellung meiner Schulter zu arbeiten. Er macht gerade seinen Doktor als Physiotherapeut. Als die Saison vorbei war, hab ich versucht, bei der Mannschaft zu bleiben, aber ich bin dann doch \u201ehinausgegangen\u201c und habe mich in Suhl und Umgebung umgesehen. Ich bin auch mal mit dem Zug nach Erfurt gefahren. Das war sogar meine aller erste Zugfahrt \u00fcberhaupt. Au\u00dferdem hab ich mir das neue Einkaufszentrum angesehen, neue Speisen probiert und hab mir im Cineplex einen Film in deutscher Sprache angeschaut. Das war echt witzig. Und nat\u00fcrlich war es auch ein gro\u00dfes Vergn\u00fcgen mit Euch beim VolleyBowl zu bowlen.<!--more--><\/p>\n<p><em><strong>Dynamics:<\/strong> Was waren deine ersten Gedanken, als dir das Ausma\u00df deiner Verletzung klar wurde, und wie schwer war es f\u00fcr dich, so weit weg von daheim ins Krankenhaus zu m\u00fcssen?<\/em><br \/>\n<strong>Lauren:<\/strong> Ich war am Boden zerst\u00f6rt und frustriert. Ich hatte auch fr\u00fcher schon mal einige Verletzungen, die mich vom Spielen abhielten, aber noch nie solch ein Saisonende. Anfangs dachte ich daran, f\u00fcr die Operation nach Hause zur\u00fcckzukehren, und meine Eltern waren der Meinung, das die Reha im heimischen Umfeld besser verlaufen w\u00fcrde. Aber als ich dann herausfand, wie viel Zeit es kosten w\u00fcrde, daheim meine Krankenversicherung wieder einzurichten, entschied ich mich, f\u00fcr die Operation hier zu bleiben. Die Aussicht, ins Krankenhaus zu m\u00fcssen, ist ja immer be\u00e4ngstigend. Egal in welchem Land man ist. Daher war mir schon unwohl, als ich f\u00fcr die Operation ins das Klinikum musste, aber man hat sich dort sehr gut um mich gek\u00fcmmert.<\/p>\n<p><em><strong>Dynamics:<\/strong> Die Verletzung passierte ja zu einem Zeitpunkt, als du gerade immer mehr Einsatzzeit bekommen hast. Kannst du trotzdem nach dieser kurzen Zeit einsch\u00e4tzen, wie das Wettkampfniveau in der DVL ist, verglichen mit der NCAA?<\/em><br \/>\n<strong>Lauren:<\/strong> Ja, der Zeitpunkt war am frustrierendsten. Ich war gerade dabei, so richtig in Schwung zu kommen, als ich mich verletzte. Aber ausgehend von meinen Erfahrungen gibt es schon einen kleinen Niveauunterschied. Ich fand immer, dass ich durch das Zusammenspiel mit Spielerinnen aus anderen L\u00e4ndern immer Neues dazulernen kann. Seien es nun andere Angriffsschl\u00e4ge, langsamere (gezielte Schl\u00e4ge), Lupfer oder <q>longline<\/q>-Schl\u00e4ge. Am meisten fasziniert hat mich die Schnelligkeit, mit der Maja und Nale ihre einbeinigen Schnellangriffe ganz knapp hinter der Zuspielerin schlugen. So schnell hab ich noch nie solche Angriffe geschlagen, und auch noch nie vorher gegen solche Schl\u00e4ge verteidigt. Allein das Training mit Anja und den beiden hat mir geholfen mich zu verbessern, und hat mir auch sehr viel Spa\u00df gemacht.<\/p>\n<p><em><strong>Dynamics:<\/strong> Mit deiner Verpflichtung wurde ja die gro\u00dfartige Tradition von US-amerikanischen Spielerinnen beim VfB fortgef\u00fchrt. Kennst du vielleicht eine deiner Vorg\u00e4ngerinnen, und wie kam der Kontakt mit dem VfB eigentlich zu Stande?<\/em><br \/>\n<strong>Lauren:<\/strong> Zuf\u00e4lligerweise kenne ich drei ehemalige VfB-Spielerinnen. Mit Erin Byrd habe ich w\u00e4hrend meines ersten Jahres in Wisconsin gespielt. Von daher kenne ich sie ein wenig, au\u00dferdem war sie meine Mentorin. Unsere Schlie\u00dff\u00e4cher waren auch direkt nebeneinander, und sie hat mir sogar das Stricken beigebracht. Ich wusste auch, dass sie in Deutschland gespielt hat, aber nicht bei welchem Team. Gegen Jelena (Mijatovic) habe ich gespielt, als ich nach South Carolina ging und sie zur LSU (Louisianna State University) wechselte. Gegen Sherri habe ich auch 3 Jahre gespielt \u2013 wir standen uns gegen\u00fcber, als sie f\u00fcr Florida spielte. Von daher war ich recht vertraut mit ihnen.<br \/>\nWas den Kontakt mit dem VfB anbelangt \u2013 der kam \u00fcber eine Agentur namens <q>Elite Volleyball Players<\/q>. Sie haben sozusagen meine <q>\u00dcberseegesch\u00e4fte<\/q> f\u00fcr mich abgewickelt.<\/p>\n<p><em><strong>Dynamics:<\/strong> Du bist ungef\u00e4hr zur H\u00e4lfte der Saison zum Team gesto\u00dfen. Welche Erwartungen hattest du, und wie waren deine ersten Wochen hier in Suhl, als du dich an das Umfeld und das Team gew\u00f6hnen musstest?<\/em><br \/>\n<strong>Lauren:<\/strong> Es war schon schwierig, mittendrin zum Team zu sto\u00dfen. Der Kern der Mannschaft spielte ja schon sehr lange zusammen, und die Spieler hatten sich schon aneinander gew\u00f6hnt. Ich war zu Beginn besorgt wegen der Sprachbarriere, aber mein Agent versicherte mir, dass die Leute in Deutschland oft Englisch sprechen.<br \/>\nSuhl ist ja das, was ich eine \u201e\u00fcbersichtliche\u201c Stadt nennen w\u00fcrde. Ich hielt das f\u00fcr vorteilhaft, da ich nicht so abgelenkt werden w\u00fcrde. Ich mag die Stadt auf jeden Fall sehr. Ich habe ein Weilchen gebraucht, um mich an die Zeitverschiebung und an das Essen zu gew\u00f6hnen, aber ich konnte mich anpassen. Das Training war allerdings h\u00e4rter als ich es erwartet h\u00e4tte. In den Staaten war ich es gewohnt, einmal t\u00e4glich zu trainieren, hier gab es hingegen zwei Einheiten am Tag. Aber auch damit bin ich zurecht gekommen.<\/p>\n<p><em><strong>Dynamics:<\/strong> Welchen Eindruck hast du vom Publikum in der &#8222;Wolfsgrube&#8220; und was f\u00fcr eine Erfahrung war das Pokalfinale f\u00fcr dich?<\/em><br \/>\n<strong>Lauren:<\/strong> Ich liebe das Publikum w\u00e4hrend der Spiele. Das war das Erste, was ich registrierte. Das einzige Mal, dass ich noch vor solch einem Publikum spielte, war in Wisconsin, welches unter den Top3 der NCAA-Zuschauerstatistik rangiert. Es war echt cool, das ganze Drumherum ist wirklich angenehm und aufregend. Ich mag das sehr. Vor allem die Trommeln.<\/p>\n<p><em><strong>Dynamics:<\/strong> Das Saisonfinale war hart umk\u00e4mpft und der VfB verpasste eine Medaille nur aufgrund ein paar S\u00e4tze. Herrschte wegen der vergebenen Medaillenchance gro\u00dfe Trauer innerhalb des Teams oder \u00fcberblendete der Pokalsieg diesen <q>Makel<\/q>? Wie f\u00e4llt dein pers\u00f6nliches Saisonfazit aus?<\/em><br \/>\n<strong>Lauren:<\/strong> Das allgemeine Gef\u00fchl war schon eher, dass man eine Chance verpasst hat. Jedoch denke ich, dass gerade dies den Sport so gro\u00dfartig macht, dass man aus dem Geschehenen lernen kann um es in der Zukunft besser zu machen. Das Ende der Saison war schon richtig eng zwischen den Top-4 Teams. Jedes dieser Teams h\u00e4tte jederzeit jedes der anderen schlagen k\u00f6nnen. Der Pokalsieg war gigantisch. Und egal was kommt: Den Titel kann uns niemand mehr nehmen. Ich habe mich riesig f\u00fcr alle gefreut, als wir gewannen. Ich selbst hatte noch nie etwas gewonnen, und gleich nach dem Wechsel hierher so etwas zu erleben war f\u00fcr mich pers\u00f6nlich einfach gigantisch.<\/p>\n<p><em><strong>Dynamics:<\/strong> W\u00e4hrend der letzten Wochen wurden von der FIVB ja einschneidende \u00c4nderungen auf den Weg gebracht, und viele Leute im europ\u00e4ischen Volleyball sind besorgt \u00fcber deren Auswirkungen auf den Volleyballsport weltweit \u2013 trotz der kleinen Kompromisse, die in der endg\u00fcltigen Beschlussvorlage gemacht wurden. Was denkst du \u00fcber diese Entwicklung?<\/em><br \/>\n<strong>Lauren:<\/strong> Ich bin nat\u00fcrlich direkt betroffen, und von daher bin ich \u00fcberhaupt nicht damit einverstanden. Ich glaube, dass es dadurch f\u00fcr Spieler(innen) wie mich viel schwerer wird, im Ausland spielen zu k\u00f6nnen. Das ist besonders f\u00fcr uns Amerikaner ein Problem, da wir noch keine (Profi-)Liga in den USA haben. Ich glaube es f\u00f6rdert den Nationalismus, aber ich mag Vielf\u00e4ltigkeit. Unsere Mannschaft war in der letzten Saison so multinational, und ich glaube jedes vertretene Land konnte etwas Anderes zu unserem Team beitragen, was wir untereinander teilen konnten. Einer der Aspekte, wo diese neue Regelung den Vereinen schaden wird. Von daher hoffe ich, dass sich vielleicht noch etwas daran \u00e4ndern wird.<\/p>\n<p><em><strong>Dynamics:<\/strong> Bedauerlicherweise wissen wir derzeit noch nichts \u00fcber deine Zukunft beim VfB, hoffen aber alle, dass wir dich wieder im Kreise des Teams begr\u00fc\u00dfen d\u00fcrfen. Gibt es schon irgendwelche Neuigkeiten, welche du uns mitteilen k\u00f6nntest?<\/em><br \/>\n<strong>Lauren:<\/strong> Nat\u00fcrlich w\u00fcrde ich gerne wieder zur\u00fcck nach Suhl kommen. Ich hab mich schon voll darauf eingestellt in Suhl zu sein, zumal es hart w\u00e4re, wieder in einem anderen Team Fu\u00df zu fassen. Momentan warte ich die Entwicklung rund um den FIVB ab und warte auf eine Reaktion von Herrn Wehner. Sollten mich die Regel\u00e4nderungen dazu zwingen, das Team zu wechseln, w\u00fcrde ich Suhl, die M\u00e4dels und die weltweit besten Fans extrem vermissen. In jedem Falle w\u00fcnsche ich euch allen nur das Allerbeste!<\/p>\n<p><em>Das Interview wurde von den Dynamics per E-Mail gef\u00fchrt. (SC, BX)<\/em><\/p>\n","protected":false},"excerpt":{"rendered":"<p>&nbsp; Suhl, 22.05.08 Damit die Saisonpause nicht allzu lang wird, haben wir uns entschlossen, mal wieder ein Interview nachzulegen. OK&#8230;zugegeben, wir haben es schon ein Weilchen vor uns hergeschoben. Gestern ging die E-Mail an Lauren dann endlich \u00fcber den Server, und zu unserer gro\u00dfen Freude kam heute postwendend die Antwort. F\u00fcr diese blitzschnellen und ausf\u00fchrlichen [&hellip;]<\/p>\n","protected":false},"author":3,"featured_media":0,"comment_status":"open","ping_status":"closed","sticky":false,"template":"","format":"standard","meta":{"ngg_post_thumbnail":0},"categories":[28],"tags":[31,88,99],"_links":{"self":[{"href":"https:\/\/www.dynamics-suhl.de\/monsterblog\/wp-json\/wp\/v2\/posts\/157"}],"collection":[{"href":"https:\/\/www.dynamics-suhl.de\/monsterblog\/wp-json\/wp\/v2\/posts"}],"about":[{"href":"https:\/\/www.dynamics-suhl.de\/monsterblog\/wp-json\/wp\/v2\/types\/post"}],"author":[{"embeddable":true,"href":"https:\/\/www.dynamics-suhl.de\/monsterblog\/wp-json\/wp\/v2\/users\/3"}],"replies":[{"embeddable":true,"href":"https:\/\/www.dynamics-suhl.de\/monsterblog\/wp-json\/wp\/v2\/comments?post=157"}],"version-history":[{"count":0,"href":"https:\/\/www.dynamics-suhl.de\/monsterblog\/wp-json\/wp\/v2\/posts\/157\/revisions"}],"wp:attachment":[{"href":"https:\/\/www.dynamics-suhl.de\/monsterblog\/wp-json\/wp\/v2\/media?parent=157"}],"wp:term":[{"taxonomy":"category","embeddable":true,"href":"https:\/\/www.dynamics-suhl.de\/monsterblog\/wp-json\/wp\/v2\/categories?post=157"},{"taxonomy":"post_tag","embeddable":true,"href":"https:\/\/www.dynamics-suhl.de\/monsterblog\/wp-json\/wp\/v2\/tags?post=157"}],"curies":[{"name":"wp","href":"https:\/\/api.w.org\/{rel}","templated":true}]}}