{"id":166,"date":"2008-06-12T08:21:59","date_gmt":"2008-06-12T06:21:59","guid":{"rendered":"http:\/\/www.dynamics-suhl.de\/monsterblog\/?p=166"},"modified":"2008-06-12T11:44:04","modified_gmt":"2008-06-12T09:44:04","slug":"sarka-barborkova-zum-vfb-suhl","status":"publish","type":"post","link":"https:\/\/www.dynamics-suhl.de\/monsterblog\/sarka-barborkova-zum-vfb-suhl\/","title":{"rendered":"Sarka Barborkova zum VfB Suhl?"},"content":{"rendered":"<p>Die Deskbar h\u00fcllt sich in vornehmes Schweigen. Dennoch brodelt die Ger\u00fcchtek\u00fcche. Nachdem die Vertragsunterzeichnung von Michael Sch\u00f6ps als sicher gilt, wird nun spekuliert, ob Sarka Barborkova die n\u00e4chste Saison das Trikot des VfB tragen k\u00f6nnte. Wie der <a href=\"http:\/\/www.wiesbadener-kurier.de\/sport\/objekt.php3?artikel_id=3318503\" target=\"_blank\">Wiesbadener Kurier<\/a> heute mitteilte, soll die 22-J\u00e4hrige Tschechin bereits ein Probetraining in Suhl absolviert haben.<\/p>\n<p>Gespannt blicken wir auf die Deskbar. Bis jedoch was aufleuchtet, bleibt Google der beste Freund des VfB-Fan.<\/p>\n","protected":false},"excerpt":{"rendered":"<p>Die Deskbar h\u00fcllt sich in vornehmes Schweigen. Dennoch brodelt die Ger\u00fcchtek\u00fcche. Nachdem die Vertragsunterzeichnung von Michael Sch\u00f6ps als sicher gilt, wird nun spekuliert, ob Sarka Barborkova die n\u00e4chste Saison das Trikot des VfB tragen k\u00f6nnte. Wie der Wiesbadener Kurier heute mitteilte, soll die 22-J\u00e4hrige Tschechin bereits ein Probetraining in Suhl absolviert haben. Gespannt blicken wir [&hellip;]<\/p>\n","protected":false},"author":2,"featured_media":0,"comment_status":"open","ping_status":"closed","sticky":false,"template":"","format":"standard","meta":{"ngg_post_thumbnail":0},"categories":[5],"tags":[130,123,134],"_links":{"self":[{"href":"https:\/\/www.dynamics-suhl.de\/monsterblog\/wp-json\/wp\/v2\/posts\/166"}],"collection":[{"href":"https:\/\/www.dynamics-suhl.de\/monsterblog\/wp-json\/wp\/v2\/posts"}],"about":[{"href":"https:\/\/www.dynamics-suhl.de\/monsterblog\/wp-json\/wp\/v2\/types\/post"}],"author":[{"embeddable":true,"href":"https:\/\/www.dynamics-suhl.de\/monsterblog\/wp-json\/wp\/v2\/users\/2"}],"replies":[{"embeddable":true,"href":"https:\/\/www.dynamics-suhl.de\/monsterblog\/wp-json\/wp\/v2\/comments?post=166"}],"version-history":[{"count":0,"href":"https:\/\/www.dynamics-suhl.de\/monsterblog\/wp-json\/wp\/v2\/posts\/166\/revisions"}],"wp:attachment":[{"href":"https:\/\/www.dynamics-suhl.de\/monsterblog\/wp-json\/wp\/v2\/media?parent=166"}],"wp:term":[{"taxonomy":"category","embeddable":true,"href":"https:\/\/www.dynamics-suhl.de\/monsterblog\/wp-json\/wp\/v2\/categories?post=166"},{"taxonomy":"post_tag","embeddable":true,"href":"https:\/\/www.dynamics-suhl.de\/monsterblog\/wp-json\/wp\/v2\/tags?post=166"}],"curies":[{"name":"wp","href":"https:\/\/api.w.org\/{rel}","templated":true}]}}