{"id":1696,"date":"2009-05-15T19:41:48","date_gmt":"2009-05-15T17:41:48","guid":{"rendered":"http:\/\/www.dynamics-suhl.de\/monsterblog\/?p=1696"},"modified":"2009-05-17T12:36:49","modified_gmt":"2009-05-17T10:36:49","slug":"graf-zahl-hat-das-wort","status":"publish","type":"post","link":"https:\/\/www.dynamics-suhl.de\/monsterblog\/graf-zahl-hat-das-wort\/","title":{"rendered":"Graf Zahl hat das Wort"},"content":{"rendered":"<p><q>It&#8217;s in the books&#8230;<\/q> pflegen englischsprachige Sport-Kommentatoren zu sagen, wenn gerade ein Spiel (oder eine Saison) vorbei ist. Mit zwei Wochen Abstand k\u00f6nnen wir vielleicht auch mal ein Auge auf die betreffenden Seiten des <q>Jahrbuchs<\/q> der gerade abgelaufenen Saison werfen. Daf\u00fcr haben wir einen Blick in unsere Datenbanken geworfen und VfB-Scout Olaf war so nett, sein DataVolley\u2122 f\u00fcr uns anzuzapfen. Heraus kam ein, wie wir hoffen, n\u00fcchterner und informativer \u00dcberblick auf die <q>Zahlen<\/q> der vergangenen Spielzeit.<\/p>\n            \n\t\t<div class=\"ngg-gallery-singlepic-image \" style=\"max-width: 430px\">\n\t\t\t    \t<a href=\"https:\/\/www.dynamics-suhl.de\/monsterblog\/wp-content\/gallery\/diverse\/2009-05-15_vfb_stats_2003-2009.png\"\n\t\t     title=\"VfB 91 Suhl: 2003-2009 \u00dcberblick\"\n             data-src=\"https:\/\/www.dynamics-suhl.de\/monsterblog\/wp-content\/gallery\/diverse\/2009-05-15_vfb_stats_2003-2009.png\"\n             data-thumbnail=\"https:\/\/www.dynamics-suhl.de\/monsterblog\/wp-content\/gallery\/diverse\/thumbs\/thumbs_2009-05-15_vfb_stats_2003-2009.png\"\n             data-image-id=\"5280\"\n             data-title=\"VfB 91 Suhl: 2003-2009 \u00dcberblick\"\n             data-description=\"VfB 91 Suhl: 2003-2009 \u00dcberblick\"\n             target='_self'\n             class=\"ngg-fancybox\" rel=\"04c8ab31557681d5d60adc5c6dddb011\">\n            <img class=\"ngg-singlepic\"\n             src=\"https:\/\/www.dynamics-suhl.de\/monsterblog\/wp-content\/gallery\/diverse\/cache\/2009-05-15_vfb_stats_2003-2009.png-nggid045280-ngg0dyn-430x0x100-00f0w010c010r110f110r010t010.png\"\n             alt=\"VfB 91 Suhl: 2003-2009 \u00dcberblick\"\n             title=\"VfB 91 Suhl: 2003-2009 \u00dcberblick\"\n              width=\"430\"               \/>\n    \t<\/a>\n\t\t      <\/div>\n        \n<p>Die Saison 2008\/09 brachte im Endergebnis mit Platz 7 absolut betrachtet die schlechteste Tabellenplatzierung in der kurzen Bundesliga-Geschichte des VfB Suhl. Betrachtet man relative Gr\u00f6\u00dfen wie das Verh\u00e4ltnis von Siegen und Niederlagen bzw. die erzielten Punkte pro Spiel, so landet diese Spielzeit im hinteren Mittelfeld. Beide Betrachtungsweisen hinken allerdings, ber\u00fccksichtigt man die oft wechselnden Modi und die schwankende Spielst\u00e4rke der Liga. <!--more--><\/p>\n            \n\t\t<div class=\"ngg-gallery-singlepic-image ngg-right\" style=\"max-width: 200px\">\n\t\t\t    \t<a href=\"https:\/\/www.dynamics-suhl.de\/monsterblog\/wp-content\/gallery\/diverse\/2009-05-15_vfb_powerindex.png\"\n\t\t     title=\"VfB 91 Suhl: PowerIndex\"\n             data-src=\"https:\/\/www.dynamics-suhl.de\/monsterblog\/wp-content\/gallery\/diverse\/2009-05-15_vfb_powerindex.png\"\n             data-thumbnail=\"https:\/\/www.dynamics-suhl.de\/monsterblog\/wp-content\/gallery\/diverse\/thumbs\/thumbs_2009-05-15_vfb_powerindex.png\"\n             data-image-id=\"5279\"\n             data-title=\"VfB 91 Suhl: PowerIndex\"\n             data-description=\"VfB 91 Suhl: PowerIndex\"\n             target='_self'\n             class=\"ngg-fancybox\" rel=\"7e25dc270289b54937173be7d5fa041e\">\n            <img class=\"ngg-singlepic\"\n             src=\"https:\/\/www.dynamics-suhl.de\/monsterblog\/wp-content\/gallery\/diverse\/cache\/2009-05-15_vfb_powerindex.png-nggid045279-ngg0dyn-200x0x100-00f0w010c010r110f110r010t010.png\"\n             alt=\"VfB 91 Suhl: PowerIndex\"\n             title=\"VfB 91 Suhl: PowerIndex\"\n              width=\"200\"               \/>\n    \t<\/a>\n\t\t      <\/div>\n        \n<p>Hier wirft man also vielleicht einen Blick auf unseren <a href=\"http:\/\/www.dynamics-suhl.de\/index.php?section=stats&#038;table=powi\" target=\"_blank\"><q>PowerIndex<\/q><\/a>, welcher auch ber\u00fccksichtigt, gegen welche Gegner und mit welcher Deutlichkeit Siege und Niederlagen entstanden. Zudem beginnt er nicht jede Saison bei Null, sondern ber\u00fccksichtigt mit seinem Startwert die <q>Vorleistungen<\/q> und <q>Erwartungen<\/q> aus der Vorsaison.<br \/>\nHier zeigt sich, dass Coach Michael Sch\u00f6ps in seiner ersten (und letzten) VfB-Saison wieder in dem Bereich landete, in welchem auch Han Abbing&#8217;s VfB nach seiner ersten Saison operierte. Nat\u00fcrlich bei unterschiedlichem Spielermaterial und Erwartungen. Mit der objektiv gesehen <q>besten<\/q> VfB-Saison als Vorg\u00e4nger, wurde der ausbleibende Erfolg in dieser Spielzeit nat\u00fcrlich um so deutlicher und sicher auch schmerzlicher empfunden.<\/p>\n            \n\t\t<div class=\"ngg-gallery-singlepic-image \" style=\"max-width: 430px\">\n\t\t\t    \t<a href=\"https:\/\/www.dynamics-suhl.de\/monsterblog\/wp-content\/gallery\/diverse\/2009-05-15_vfb_stats_individual_1.png\"\n\t\t     title=\"VfB 91 Suhl: 08\/09 Individelle Stats (1)\"\n             data-src=\"https:\/\/www.dynamics-suhl.de\/monsterblog\/wp-content\/gallery\/diverse\/2009-05-15_vfb_stats_individual_1.png\"\n             data-thumbnail=\"https:\/\/www.dynamics-suhl.de\/monsterblog\/wp-content\/gallery\/diverse\/thumbs\/thumbs_2009-05-15_vfb_stats_individual_1.png\"\n             data-image-id=\"5281\"\n             data-title=\"VfB 91 Suhl: 08\/09 Individelle Stats (1)\"\n             data-description=\"VfB 91 Suhl: 08\/09 Individelle Stats (1)\"\n             target='_self'\n             class=\"ngg-fancybox\" rel=\"807aed8dbbb9a2f61e87597e11634238\">\n            <img class=\"ngg-singlepic\"\n             src=\"https:\/\/www.dynamics-suhl.de\/monsterblog\/wp-content\/gallery\/diverse\/cache\/2009-05-15_vfb_stats_individual_1.png-nggid045281-ngg0dyn-430x0x100-00f0w010c010r110f110r010t010.png\"\n             alt=\"VfB 91 Suhl: 08\/09 Individelle Stats (1)\"\n             title=\"VfB 91 Suhl: 08\/09 Individelle Stats (1)\"\n              width=\"430\"               \/>\n    \t<\/a>\n\t\t      <\/div>\n        \n<p>Die Betrachtung der individuellen Statistiken weist team-intern bei den absoluten Werten Grit Lehmann als Top-Scorerin der abgelaufenen Saison aus, gefolgt von Maja und Nale. Allerdings f\u00fchrt sie auch die Fehler-Rangliste an &#8211; sicherlich zum Gro\u00dfteil auf ihre Annahme-Probleme durch den neuen Ball zur\u00fcckzuf\u00fchren. <\/p>\n            \n\t\t<div class=\"ngg-gallery-singlepic-image ngg-left\" style=\"max-width: 175px\">\n\t\t\t    \t<a href=\"https:\/\/www.dynamics-suhl.de\/monsterblog\/wp-content\/gallery\/diverse\/2009-05-15_vfb_stats_individual_2.png\"\n\t\t     title=\"VfB 91 Suhl: 08\/09 Individelle Stats (2)\"\n             data-src=\"https:\/\/www.dynamics-suhl.de\/monsterblog\/wp-content\/gallery\/diverse\/2009-05-15_vfb_stats_individual_2.png\"\n             data-thumbnail=\"https:\/\/www.dynamics-suhl.de\/monsterblog\/wp-content\/gallery\/diverse\/thumbs\/thumbs_2009-05-15_vfb_stats_individual_2.png\"\n             data-image-id=\"5282\"\n             data-title=\"VfB 91 Suhl: 08\/09 Individelle Stats (2)\"\n             data-description=\"VfB 91 Suhl: 08\/09 Individelle Stats (2)\"\n             target='_self'\n             class=\"ngg-fancybox\" rel=\"6363b0f4cea9759c1df6c9442afd3ed1\">\n            <img class=\"ngg-singlepic\"\n             src=\"https:\/\/www.dynamics-suhl.de\/monsterblog\/wp-content\/gallery\/diverse\/cache\/2009-05-15_vfb_stats_individual_2.png-nggid045282-ngg0dyn-175x0x100-00f0w010c010r110f110r010t010.png\"\n             alt=\"VfB 91 Suhl: 08\/09 Individelle Stats (2)\"\n             title=\"VfB 91 Suhl: 08\/09 Individelle Stats (2)\"\n              width=\"175\"               \/>\n    \t<\/a>\n\t\t      <\/div>\n        \n<p>Bei der Effizienz f\u00fchrt Maja in der Angriffs-Statistik, w\u00e4hrend sich bei der Annahme kein klares Bild abzeichnet. Deutlich wird allerdings, dass Grit hier die meiste Arbeit bekam, was sich wegen ihrer Probleme mit dem Ball wie oben erw\u00e4hnt nat\u00fcrlich in ihrer Gesamtstatistik wiederspiegelt. Schon dieses Beispiel zeigt, dass Zahlen nicht die ganze Wahrheit erz\u00e4hlen k\u00f6nnen, und besonders abseits des Spielfeldes bot die Saison 2008\/09 H\u00fcrden, die sich in diesen Tabellen und Grafiken nicht ber\u00fccksichtigen lassen. <\/p>\n<p>Damit ist f\u00fcr uns auf dieser Saison endg\u00fcltig der <q>Deckel<\/q> drauf, und es gilt den Blick nach vorn zu richten. 2010 wird wieder ein neuer VfB mit einem neuen Trainer Bilanz ziehen, und wir hoffen, sie m\u00f6ge besser ausfallen als diese hier. Die \u00c4ra von Jean-Pierre Staelens beginnt sicher nicht mit einer \u00e4hnlichen <q>Hypothek<\/q> wie die \u00c4ra Sch\u00f6ps, aber die Erwartungen bei Verein, Mannschaft und Fans bez\u00fcglich dieses Neuanfangs werden kaum geringere sein. F\u00fcr unseren ehemaligen Coach Michael Sch\u00f6ps findet der <q>Neuanfang<\/q> beim <a href=\"http:\/\/www.hildesheimer-allgemeine.de\/47.html?&#038;cHash=0a1a662683&#038;tx_ttnews[backPid]=1&#038;tx_ttnews[tt_news]=210\" target=\"_blank\">TSV Giesen\/Hildesheim<\/a> statt. Wir w\u00fcnschen Viel Erfolg und Alles Gute!<\/p>\n<p>[ratings]<\/p>\n","protected":false},"excerpt":{"rendered":"<p>It&#8217;s in the books&#8230; pflegen englischsprachige Sport-Kommentatoren zu sagen, wenn gerade ein Spiel (oder eine Saison) vorbei ist. Mit zwei Wochen Abstand k\u00f6nnen wir vielleicht auch mal ein Auge auf die betreffenden Seiten des Jahrbuchs der gerade abgelaufenen Saison werfen. Daf\u00fcr haben wir einen Blick in unsere Datenbanken geworfen und VfB-Scout Olaf war so nett, [&hellip;]<\/p>\n","protected":false},"author":3,"featured_media":0,"comment_status":"open","ping_status":"closed","sticky":false,"template":"","format":"standard","meta":{"ngg_post_thumbnail":0},"categories":[5],"tags":[25],"_links":{"self":[{"href":"https:\/\/www.dynamics-suhl.de\/monsterblog\/wp-json\/wp\/v2\/posts\/1696"}],"collection":[{"href":"https:\/\/www.dynamics-suhl.de\/monsterblog\/wp-json\/wp\/v2\/posts"}],"about":[{"href":"https:\/\/www.dynamics-suhl.de\/monsterblog\/wp-json\/wp\/v2\/types\/post"}],"author":[{"embeddable":true,"href":"https:\/\/www.dynamics-suhl.de\/monsterblog\/wp-json\/wp\/v2\/users\/3"}],"replies":[{"embeddable":true,"href":"https:\/\/www.dynamics-suhl.de\/monsterblog\/wp-json\/wp\/v2\/comments?post=1696"}],"version-history":[{"count":0,"href":"https:\/\/www.dynamics-suhl.de\/monsterblog\/wp-json\/wp\/v2\/posts\/1696\/revisions"}],"wp:attachment":[{"href":"https:\/\/www.dynamics-suhl.de\/monsterblog\/wp-json\/wp\/v2\/media?parent=1696"}],"wp:term":[{"taxonomy":"category","embeddable":true,"href":"https:\/\/www.dynamics-suhl.de\/monsterblog\/wp-json\/wp\/v2\/categories?post=1696"},{"taxonomy":"post_tag","embeddable":true,"href":"https:\/\/www.dynamics-suhl.de\/monsterblog\/wp-json\/wp\/v2\/tags?post=1696"}],"curies":[{"name":"wp","href":"https:\/\/api.w.org\/{rel}","templated":true}]}}