{"id":170,"date":"2008-06-16T18:10:59","date_gmt":"2008-06-16T16:10:59","guid":{"rendered":"http:\/\/www.dynamics-suhl.de\/monsterblog\/?p=170"},"modified":"2008-06-17T08:41:48","modified_gmt":"2008-06-17T06:41:48","slug":"vfb-suhl-bestatigt-verpflichtung-von-michael-schops","status":"publish","type":"post","link":"https:\/\/www.dynamics-suhl.de\/monsterblog\/vfb-suhl-bestatigt-verpflichtung-von-michael-schops\/","title":{"rendered":"Schwere Geburt: VfB Suhl best\u00e4tigt Verpflichtung von Michael Sch\u00f6ps"},"content":{"rendered":"<p>Nach langen Warten, Dementieren und Hinhalten steht es endlich offiziell fest: Michael Sch\u00f6ps wird ab der kommenden Saison die Damen aus Suhl trainieren. Noch bleibt die Deskbar aber stumm &#8211; der <a href=\"http:\/\/www.mdr.de\/sport\/volleyball\/5589461.html\" target=\"_blank\">mdr<\/a> war jedoch so nett uns dar\u00fcber zeitnah zu informieren. \ud83d\ude09<\/p>\n<p>Da der Traum vom Europapokal f\u00fcr den deutschen Pokalsieger aufgrund der ungewissen Ausl\u00e4nderregelung jedoch beendet ist, bleibt den Fans das erste Triple der Vereinsgeschichte wohl verw\u00e4hrt. Aber ein Double ist ja auch nicht schlecht f\u00fcr den Briefkopf. \ud83d\ude00<\/p>\n<p>Dann mal ran an den Speck und: Nicht den <a href=\"http:\/\/www.spreadfirefox.com\/de\/worldrecord\" target=\"_blank\">download day<\/a> verpassen, damit wenigstens ein Rekord schon sicher ist.<\/p>\n<p><strong>Ein dickes Danke<\/strong> an dieser stelle an Han und Magda, f\u00fcr 4 beziehungsweise 5 erfolgreiche Jahre in Suhl! Alles Gute w\u00fcnschen wir auch Sandra, Daniele und Lauren!<\/p>\n<p>PS: <a href=\"http:\/\/www.freies-wort.de\/sport\/sport\/thueringensportfw\/art2491,826344\" target=\"_blank\">Freies Wort<\/a> legt nach&#8230; .oO(Wo bleibt die Deskbar?)<\/p>\n","protected":false},"excerpt":{"rendered":"<p>Nach langen Warten, Dementieren und Hinhalten steht es endlich offiziell fest: Michael Sch\u00f6ps wird ab der kommenden Saison die Damen aus Suhl trainieren. Noch bleibt die Deskbar aber stumm &#8211; der mdr war jedoch so nett uns dar\u00fcber zeitnah zu informieren. \ud83d\ude09 Da der Traum vom Europapokal f\u00fcr den deutschen Pokalsieger aufgrund der ungewissen Ausl\u00e4nderregelung [&hellip;]<\/p>\n","protected":false},"author":2,"featured_media":0,"comment_status":"open","ping_status":"closed","sticky":false,"template":"","format":"standard","meta":{"ngg_post_thumbnail":0},"categories":[3,5],"tags":[130,91,35,114,123,289],"_links":{"self":[{"href":"https:\/\/www.dynamics-suhl.de\/monsterblog\/wp-json\/wp\/v2\/posts\/170"}],"collection":[{"href":"https:\/\/www.dynamics-suhl.de\/monsterblog\/wp-json\/wp\/v2\/posts"}],"about":[{"href":"https:\/\/www.dynamics-suhl.de\/monsterblog\/wp-json\/wp\/v2\/types\/post"}],"author":[{"embeddable":true,"href":"https:\/\/www.dynamics-suhl.de\/monsterblog\/wp-json\/wp\/v2\/users\/2"}],"replies":[{"embeddable":true,"href":"https:\/\/www.dynamics-suhl.de\/monsterblog\/wp-json\/wp\/v2\/comments?post=170"}],"version-history":[{"count":0,"href":"https:\/\/www.dynamics-suhl.de\/monsterblog\/wp-json\/wp\/v2\/posts\/170\/revisions"}],"wp:attachment":[{"href":"https:\/\/www.dynamics-suhl.de\/monsterblog\/wp-json\/wp\/v2\/media?parent=170"}],"wp:term":[{"taxonomy":"category","embeddable":true,"href":"https:\/\/www.dynamics-suhl.de\/monsterblog\/wp-json\/wp\/v2\/categories?post=170"},{"taxonomy":"post_tag","embeddable":true,"href":"https:\/\/www.dynamics-suhl.de\/monsterblog\/wp-json\/wp\/v2\/tags?post=170"}],"curies":[{"name":"wp","href":"https:\/\/api.w.org\/{rel}","templated":true}]}}