{"id":172,"date":"2008-06-18T20:13:26","date_gmt":"2008-06-18T18:13:26","guid":{"rendered":"http:\/\/www.dynamics-suhl.de\/monsterblog\/?p=172"},"modified":"2008-06-18T22:19:52","modified_gmt":"2008-06-18T20:19:52","slug":"vfb-suhl-schenkt-dresdner-sc-den-europacup","status":"publish","type":"post","link":"https:\/\/www.dynamics-suhl.de\/monsterblog\/vfb-suhl-schenkt-dresdner-sc-den-europacup\/","title":{"rendered":"VfB Suhl schenkt Dresdner SC den Europacup"},"content":{"rendered":"<div style=\"float:right;margin:0px 5px 5px 10px\"><a href=\"http:\/\/www.spreadfirefox.com\/de\/worldrecord\" target=\"_blank\"><img src=\"http:\/\/www.spreadfirefox.com\/sites\/all\/themes\/spreadfirefox_RCS\/images\/download-day\/buttons\/de\/dday_badge_fox.png\" alt=\"Spread Firefox 3.0\" title=\"Spread Firefox 3.0\" style=\"border: 1px solid #A9A9A9\"\/><\/a><\/div>\n<p>Da der VfB sein Startrecht im Europ\u00e4ischen Wettbewerb f\u00fcr die Saison 08\/09 nicht wahr nimmt, bekommen die Freunde aus Dresden nun die M\u00f6glichkeit nachzur\u00fccken. Garniert wird der feierliche Tag mit dem <q>endg\u00fcltigen<\/q> R\u00fccktritt von Ruben Acosta nach den Olympischen Spielen. Als Abschiedsgeschenk gibt es noch die Ausl\u00e4nderregelung &#8211; die ja in einer Vorabmeldung bereits als so wichtig erachtet wurde, dass sie nicht auf der Tagesordnung stand &#8211; ab der Saison 2010\/11 f\u00fcr alle Landesverb\u00e4nde der FIVB &#8211; insofern die Gerichte bis dahin eine L\u00f6sung finden. <\/p>\n<p>So viel Geschenke an einem Tag&#8230; vielleicht dankt es wenigstens der Dresdner SC und gewinnt auch mal ein wichtiges Spiel f\u00fcr uns in Schwerin in der n\u00e4chsten Saison. \ud83d\ude09<\/p>\n<p>PS Geschenke: Heute war Bescherung f\u00fcr alle Freunde des <q>alternativen<\/q> Browsings &#8211; der neue Fuchs wurde ausgeliefert. Auch dank der fleissigen Mithilfe der Monster-Blog Leserschaft gelang es, einen Download-Weltrekord aufzustellen. \u00dcber 8 Millionen mal wurde der neue Firefox 3.0 am Download-Day heruntergeladen.<\/p>\n","protected":false},"excerpt":{"rendered":"<p>Da der VfB sein Startrecht im Europ\u00e4ischen Wettbewerb f\u00fcr die Saison 08\/09 nicht wahr nimmt, bekommen die Freunde aus Dresden nun die M\u00f6glichkeit nachzur\u00fccken. Garniert wird der feierliche Tag mit dem endg\u00fcltigen R\u00fccktritt von Ruben Acosta nach den Olympischen Spielen. Als Abschiedsgeschenk gibt es noch die Ausl\u00e4nderregelung &#8211; die ja in einer Vorabmeldung bereits als [&hellip;]<\/p>\n","protected":false},"author":2,"featured_media":0,"comment_status":"open","ping_status":"closed","sticky":false,"template":"","format":"standard","meta":{"ngg_post_thumbnail":0},"categories":[105,5],"tags":[98,20,97,99,96,289],"_links":{"self":[{"href":"https:\/\/www.dynamics-suhl.de\/monsterblog\/wp-json\/wp\/v2\/posts\/172"}],"collection":[{"href":"https:\/\/www.dynamics-suhl.de\/monsterblog\/wp-json\/wp\/v2\/posts"}],"about":[{"href":"https:\/\/www.dynamics-suhl.de\/monsterblog\/wp-json\/wp\/v2\/types\/post"}],"author":[{"embeddable":true,"href":"https:\/\/www.dynamics-suhl.de\/monsterblog\/wp-json\/wp\/v2\/users\/2"}],"replies":[{"embeddable":true,"href":"https:\/\/www.dynamics-suhl.de\/monsterblog\/wp-json\/wp\/v2\/comments?post=172"}],"version-history":[{"count":0,"href":"https:\/\/www.dynamics-suhl.de\/monsterblog\/wp-json\/wp\/v2\/posts\/172\/revisions"}],"wp:attachment":[{"href":"https:\/\/www.dynamics-suhl.de\/monsterblog\/wp-json\/wp\/v2\/media?parent=172"}],"wp:term":[{"taxonomy":"category","embeddable":true,"href":"https:\/\/www.dynamics-suhl.de\/monsterblog\/wp-json\/wp\/v2\/categories?post=172"},{"taxonomy":"post_tag","embeddable":true,"href":"https:\/\/www.dynamics-suhl.de\/monsterblog\/wp-json\/wp\/v2\/tags?post=172"}],"curies":[{"name":"wp","href":"https:\/\/api.w.org\/{rel}","templated":true}]}}