{"id":177,"date":"2008-07-03T18:01:27","date_gmt":"2008-07-03T16:01:27","guid":{"rendered":"http:\/\/www.dynamics-suhl.de\/monsterblog\/?p=177"},"modified":"2008-07-04T12:02:56","modified_gmt":"2008-07-04T10:02:56","slug":"zwischenrufe-vom-balkon-3","status":"publish","type":"post","link":"https:\/\/www.dynamics-suhl.de\/monsterblog\/zwischenrufe-vom-balkon-3\/","title":{"rendered":"Zwischenrufe vom Balkon (3)"},"content":{"rendered":"            \n\t\t<div class=\"ngg-gallery-singlepic-image ngg-left\" style=\"\">\n\t\t\t    \t<a href=\"https:\/\/www.dynamics-suhl.de\/monsterblog\/wp-content\/gallery\/diverse\/kommentare_vom_balkon.png\"\n\t\t     title=\"\"\n             data-src=\"https:\/\/www.dynamics-suhl.de\/monsterblog\/wp-content\/gallery\/diverse\/kommentare_vom_balkon.png\"\n             data-thumbnail=\"https:\/\/www.dynamics-suhl.de\/monsterblog\/wp-content\/gallery\/diverse\/thumbs\/thumbs_kommentare_vom_balkon.png\"\n             data-image-id=\"3525\"\n             data-title=\"kommentare_vom_balkon.png\"\n             data-description=\"\"\n             target='_self'\n             class=\"ngg-fancybox\" rel=\"7ad3dfe69b4bc26c373a2d869594ba21\">\n            <img class=\"ngg-singlepic\"\n             src=\"https:\/\/www.dynamics-suhl.de\/monsterblog\/wp-content\/gallery\/diverse\/cache\/kommentare_vom_balkon.png-nggid043525-ngg0dyn-0x0x100-00f0w010c010r110f110r010t010.png\"\n             alt=\"kommentare_vom_balkon.png\"\n             title=\"kommentare_vom_balkon.png\"\n                           \/>\n    \t<\/a>\n\t\t      <\/div>\n        \n<p>Die Fussball-EM ist Geschichte, Stoff f\u00fcr Archive und Statistiken &#8211; und das beste Team wurde Europameister. Perfekt also? Die Fans der deutschen Nationalelf w\u00fcrden eventuell nicht hundertprozentig zustimmen, aber sie konnten am Ende schliesslich auch feiern und sich \u00fcber das Erreichte freuen. Allerdings war vielleicht auch nicht alles perfekt. Stundenlange Omnipr\u00e4senz in den Medien &#8211; fand im Juni eigentlich noch anderer Sport in Europa statt? <\/p>\n            \n\t\t<div class=\"ngg-gallery-singlepic-image ngg-right\" style=\"max-width: 200px\">\n\t\t\t    \t<a href=\"https:\/\/www.dynamics-suhl.de\/monsterblog\/wp-content\/gallery\/cartoons\/fifa_fivb_divide.png\"\n\t\t     title=\"\"\n             data-src=\"https:\/\/www.dynamics-suhl.de\/monsterblog\/wp-content\/gallery\/cartoons\/fifa_fivb_divide.png\"\n             data-thumbnail=\"https:\/\/www.dynamics-suhl.de\/monsterblog\/wp-content\/gallery\/cartoons\/thumbs\/thumbs_fifa_fivb_divide.png\"\n             data-image-id=\"3568\"\n             data-title=\"FIFA, FIVB, 6+5, Acosta\"\n             data-description=\"\"\n             target='_self'\n             class=\"ngg-fancybox\" rel=\"8f817e10a971ba52e08f254c6387daf1\">\n            <img class=\"ngg-singlepic\"\n             src=\"https:\/\/www.dynamics-suhl.de\/monsterblog\/wp-content\/gallery\/cartoons\/cache\/fifa_fivb_divide.png-nggid043568-ngg0dyn-200x0x100-00f0w010c010r110f110r010t010.png\"\n             alt=\"FIFA, FIVB, 6+5, Acosta\"\n             title=\"FIFA, FIVB, 6+5, Acosta\"\n              width=\"200\"               \/>\n    \t<\/a>\n\t\t      <\/div>\n        \n<p>Man konnte zumindest den Eindruck gewinnen, dass ARD und ZDF jeden (in die Rechte) investierten \u20acuro durch teilweise endlos erscheinende Dauer- berichterstattung wieder in Marktanteile umsetzen wollten. Sicher, vielleicht kann man von den teilweise sehr sch\u00f6nen Spielen, den Bildern von fr\u00f6hlichen Fanfesten und insbesondere von Botschaften wie <q>Fair Play<\/q>, <q>Respect!<\/q> und <a href=\"http:\/\/www.uefa.com\/uefa\/keytopics\/kind=2\/newsid=706167.html\" target=\"_blank\"><q>FARE<\/q><\/a> (<strong>F<\/strong>ootball <strong>A<\/strong>gainst <strong>R<\/strong>acism in <strong>E<\/strong>urope) nicht genug \u00fcber den \u00c4ther senden. Letztere Botschaft wurde allerdings offensichtlich nicht oft genug betont, gab es doch leider auch wieder etliche Wirrk\u00f6pfe, welche F\u00e4uste und Baseballschl\u00e4ger sportartfremd einsetzten. Sicherlich nicht die Schuld der Sportverb\u00e4nde, aber vielleicht sollte man mal die eigene Glaubw\u00fcrdigkeit beleuchten? Ergibt 6+5 wirklich die <q>beste Elf<\/q>?<\/p>\n<p><!-- ff8080821a5ab93a011a720df3450114 --><\/p>\n","protected":false},"excerpt":{"rendered":"<p>Die Fussball-EM ist Geschichte, Stoff f\u00fcr Archive und Statistiken &#8211; und das beste Team wurde Europameister. Perfekt also? Die Fans der deutschen Nationalelf w\u00fcrden eventuell nicht hundertprozentig zustimmen, aber sie konnten am Ende schliesslich auch feiern und sich \u00fcber das Erreichte freuen. Allerdings war vielleicht auch nicht alles perfekt. Stundenlange Omnipr\u00e4senz in den Medien &#8211; [&hellip;]<\/p>\n","protected":false},"author":3,"featured_media":0,"comment_status":"open","ping_status":"closed","sticky":false,"template":"","format":"standard","meta":{"ngg_post_thumbnail":0},"categories":[122],"tags":[98,132,97,99,96,140,107],"_links":{"self":[{"href":"https:\/\/www.dynamics-suhl.de\/monsterblog\/wp-json\/wp\/v2\/posts\/177"}],"collection":[{"href":"https:\/\/www.dynamics-suhl.de\/monsterblog\/wp-json\/wp\/v2\/posts"}],"about":[{"href":"https:\/\/www.dynamics-suhl.de\/monsterblog\/wp-json\/wp\/v2\/types\/post"}],"author":[{"embeddable":true,"href":"https:\/\/www.dynamics-suhl.de\/monsterblog\/wp-json\/wp\/v2\/users\/3"}],"replies":[{"embeddable":true,"href":"https:\/\/www.dynamics-suhl.de\/monsterblog\/wp-json\/wp\/v2\/comments?post=177"}],"version-history":[{"count":0,"href":"https:\/\/www.dynamics-suhl.de\/monsterblog\/wp-json\/wp\/v2\/posts\/177\/revisions"}],"wp:attachment":[{"href":"https:\/\/www.dynamics-suhl.de\/monsterblog\/wp-json\/wp\/v2\/media?parent=177"}],"wp:term":[{"taxonomy":"category","embeddable":true,"href":"https:\/\/www.dynamics-suhl.de\/monsterblog\/wp-json\/wp\/v2\/categories?post=177"},{"taxonomy":"post_tag","embeddable":true,"href":"https:\/\/www.dynamics-suhl.de\/monsterblog\/wp-json\/wp\/v2\/tags?post=177"}],"curies":[{"name":"wp","href":"https:\/\/api.w.org\/{rel}","templated":true}]}}