{"id":198,"date":"2008-07-27T20:17:22","date_gmt":"2008-07-27T18:17:22","guid":{"rendered":"http:\/\/www.dynamics-suhl.de\/monsterblog\/?p=198"},"modified":"2009-08-02T20:18:52","modified_gmt":"2009-08-02T18:18:52","slug":"beachvolleyball-turnier-in-rudolstadt","status":"publish","type":"post","link":"https:\/\/www.dynamics-suhl.de\/monsterblog\/beachvolleyball-turnier-in-rudolstadt\/","title":{"rendered":"Beachvolleyball-Turnier in Rudolstadt"},"content":{"rendered":"            \n\t\t<div class=\"ngg-gallery-singlepic-image ngg-right\" style=\"max-width: 220px\">\n\t\t\t    \t<a href=\"https:\/\/www.dynamics-suhl.de\/monsterblog\/wp-content\/gallery\/2008-07-27_beachcuprudolstadt\/0029.jpg\"\n\t\t     title=\"(C) David Beckx - www.gritlehmann.de\"\n             data-src=\"https:\/\/www.dynamics-suhl.de\/monsterblog\/wp-content\/gallery\/2008-07-27_beachcuprudolstadt\/0029.jpg\"\n             data-thumbnail=\"https:\/\/www.dynamics-suhl.de\/monsterblog\/wp-content\/gallery\/2008-07-27_beachcuprudolstadt\/thumbs\/thumbs_0029.jpg\"\n             data-image-id=\"3600\"\n             data-title=\"0029.jpg\"\n             data-description=\"(C) David Beckx - www.gritlehmann.de\"\n             target='_self'\n             class=\"ngg-fancybox\" rel=\"848b5e04d03fadacf5767cc8dc198f2d\">\n            <img class=\"ngg-singlepic\"\n             src=\"https:\/\/www.dynamics-suhl.de\/monsterblog\/wp-content\/gallery\/2008-07-27_beachcuprudolstadt\/cache\/0029.jpg-nggid043600-ngg0dyn-220x0x100-00f0w010c010r110f110r010t010.jpg\"\n             alt=\"0029.jpg\"\n             title=\"0029.jpg\"\n              width=\"220\"               \/>\n    \t<\/a>\n\t\t      <\/div>\n        \n<p>Zwei Dynamics waren vor Ort, als auf dem Gel\u00e4nde des SAALEMAXX Rudolstadt bei bestem Kaiserwetter der Finaltag der <q>SAALEMAXX-Open<\/q> stattfand. Das Beachvolleyball-Turnier der Kategorie 2 (es werden also auch DVV-Punkte verteilt) wird zum mittlerweile 7. Mal vor dem Panorama der Heidecksburg ausgetragen, und dieses Jahr nahmen auch Grit Lehmann und Miloslava Lauerova vom VfB Suhl daran teil. <strong>(Dynamics-Tipp: Galerien auf <a href=\"http:\/\/www.gritlehmann.de\/foto\/saalemaxx2008\/\" target=\"_blank\">www.gritlehman.de<\/a>)<\/strong><\/p>\n            \n\t\t<div class=\"ngg-gallery-singlepic-image ngg-left\" style=\"max-width: 150px\">\n\t\t\t    \t<a href=\"https:\/\/www.dynamics-suhl.de\/monsterblog\/wp-content\/gallery\/2008-07-27_beachcuprudolstadt\/0050.jpg\"\n\t\t     title=\"(C) David Beckx - www.gritlehmann.de\"\n             data-src=\"https:\/\/www.dynamics-suhl.de\/monsterblog\/wp-content\/gallery\/2008-07-27_beachcuprudolstadt\/0050.jpg\"\n             data-thumbnail=\"https:\/\/www.dynamics-suhl.de\/monsterblog\/wp-content\/gallery\/2008-07-27_beachcuprudolstadt\/thumbs\/thumbs_0050.jpg\"\n             data-image-id=\"3601\"\n             data-title=\"0050.jpg\"\n             data-description=\"(C) David Beckx - www.gritlehmann.de\"\n             target='_self'\n             class=\"ngg-fancybox\" rel=\"85152d0b46fdbb8e4384f9b699097e65\">\n            <img class=\"ngg-singlepic\"\n             src=\"https:\/\/www.dynamics-suhl.de\/monsterblog\/wp-content\/gallery\/2008-07-27_beachcuprudolstadt\/cache\/0050.jpg-nggid043601-ngg0dyn-150x0x100-00f0w010c010r110f110r010t010.jpg\"\n             alt=\"0050.jpg\"\n             title=\"0050.jpg\"\n              width=\"150\"               \/>\n    \t<\/a>\n\t\t      <\/div>\n        \n<p>Nach den souver\u00e4nen Leistungen die Grit im Zusammenspiel mit Mila und Nadine Volkmer bei den vorangegangenen Turnieren in <a href=\"http:\/\/www.gritlehmann.de\/foto\/jena\/\" target=\"_blank\">Jena<\/a> und <a href=\"http:\/\/www.gritlehmann.de\/foto\/badsalzungen\/\" target=\"_blank\">Bad Salzungen<\/a> abliefern konnte, hatten wir uns entschlossen erst zum Finaltag nach Rudolstadt zu fahren. V\u00f6llig zu Recht, denn Mila und Grit waren u.a. mit zwei Siegen gegen die sp\u00e4teren Drittplatzierten Katharina Zeisig (Post SV Gera) \/ Bianca Singer (Jena) <span style=\"color: #800000;\">[<acronym title=\"15:13, 11:15, 15:4\"><strong>2:1<\/strong><\/acronym>]<\/span> und Vierplatzierten Jette Kintscher \/ Caroline Kresse (beide SWE VolleyTeam) <span style=\"color: #800000;\">[<acronym title=\"15:11, 15:17, 15:8\"><strong>2:1<\/strong><\/acronym>]<\/span> in die Finals eingezogen.<\/p>\n<p><!--more--><\/p>\n            \n\t\t<div class=\"ngg-gallery-singlepic-image ngg-right\" style=\"max-width: 150px\">\n\t\t\t    \t<a href=\"https:\/\/www.dynamics-suhl.de\/monsterblog\/wp-content\/gallery\/2008-07-27_beachcuprudolstadt\/0055.jpg\"\n\t\t     title=\"(C) David Beckx - www.gritlehmann.de\"\n             data-src=\"https:\/\/www.dynamics-suhl.de\/monsterblog\/wp-content\/gallery\/2008-07-27_beachcuprudolstadt\/0055.jpg\"\n             data-thumbnail=\"https:\/\/www.dynamics-suhl.de\/monsterblog\/wp-content\/gallery\/2008-07-27_beachcuprudolstadt\/thumbs\/thumbs_0055.jpg\"\n             data-image-id=\"3602\"\n             data-title=\"0055.jpg\"\n             data-description=\"(C) David Beckx - www.gritlehmann.de\"\n             target='_self'\n             class=\"ngg-fancybox\" rel=\"dbe4a5f7f3281546e5d79f7159481bdc\">\n            <img class=\"ngg-singlepic\"\n             src=\"https:\/\/www.dynamics-suhl.de\/monsterblog\/wp-content\/gallery\/2008-07-27_beachcuprudolstadt\/cache\/0055.jpg-nggid043602-ngg0dyn-150x0x100-00f0w010c010r110f110r010t010.jpg\"\n             alt=\"0055.jpg\"\n             title=\"0055.jpg\"\n              width=\"150\"               \/>\n    \t<\/a>\n\t\t      <\/div>\n        \n<p>Das Halbfinale gegen die Damen aus Erfurt konnten die beiden Pokalsiegerinnen dann auch unter der hei\u00dfen Mittagssonne mit <span style=\"color: #800000;\">[<acronym title=\"15:8, 15:5\"><strong>2:0<\/strong><\/acronym>]<\/span> f\u00fcr sich entscheiden und sich \u00fcber eine gute Stunde Pause bis zum Finale freuen. Die unterlegenen Damen aus der Landeshauptstadt mussten dann schon etwas eher aus der Mittagspause zur\u00fcckkommen um das Spiel um Platz 3 gegen Katharina Zeisig und Bianca Singer auszufechten. Hier hatten am Ende die Damen aus Ostth\u00fcringen wie oben bereits erw\u00e4hnt die Nase vorn.<br \/>\nIm Finale wartete dann das Duo Susanne Hemmann und Jana Illiger auf die Beach-Abteilung des VfB. Die Damen vom VC Gotha erwiesen sich an diesem Nachmittag jedoch als das st\u00e4rkere Gespann und nach einem knapp gewonnen ersten Satz (17:15) wurden die beiden folgenden S\u00e4tze mit 11:15 und 10:15 abgegeben &#8211; logisches Endergebnis <span style=\"color: #800000;\"><strong>1:2<\/strong><\/span>. Mit diesem sch\u00f6nen zweiten Platz beschlie\u00dfen Grit und Mila ihre diesj\u00e4hrige Beachvolleyball-Saison und verabschiedeten sich nach dem Spiel bis zum Hummel-Cup.<\/p>\n            \n\t\t<div class=\"ngg-gallery-singlepic-image ngg-left\" style=\"max-width: 200px\">\n\t\t\t    \t<a href=\"https:\/\/www.dynamics-suhl.de\/monsterblog\/wp-content\/gallery\/2008-07-27_beachcuprudolstadt\/1418.jpg\"\n\t\t     title=\"Dynamics @ the Beach\"\n             data-src=\"https:\/\/www.dynamics-suhl.de\/monsterblog\/wp-content\/gallery\/2008-07-27_beachcuprudolstadt\/1418.jpg\"\n             data-thumbnail=\"https:\/\/www.dynamics-suhl.de\/monsterblog\/wp-content\/gallery\/2008-07-27_beachcuprudolstadt\/thumbs\/thumbs_1418.jpg\"\n             data-image-id=\"3596\"\n             data-title=\"1418.jpg\"\n             data-description=\"Dynamics @ the Beach\"\n             target='_self'\n             class=\"ngg-fancybox\" rel=\"e43624d7d64914b67f14256dc63818e2\">\n            <img class=\"ngg-singlepic\"\n             src=\"https:\/\/www.dynamics-suhl.de\/monsterblog\/wp-content\/gallery\/2008-07-27_beachcuprudolstadt\/cache\/1418.jpg-nggid043596-ngg0dyn-200x0x100-00f0w010c010r110f110r010t010.jpg\"\n             alt=\"1418.jpg\"\n             title=\"1418.jpg\"\n              width=\"200\"               \/>\n    \t<\/a>\n\t\t      <\/div>\n        \n<p>Das Finale der M\u00e4nner konnten im Anschlu\u00df Fabian Kempf (Bitterfeld) und Hannes M\u00fcller (VC Gotha) f\u00fcr sich entscheiden, nachdem sie Enrico Erhardt (VC Bad D\u00fcrrenberg\/Spergau) und Lars P\u00f6\u00dfel (VC Gotha) mit 2:0 bezwungen hatten. Nach der anschlie\u00dfenden Siegerehrung brachen die Dynamics wieder in die Heimat auf, mit dem guten Vorsatz, im n\u00e4chsten Jahr noch zahlreicher wiederzukommen. Die SAALEMAXX Open sind auf jeden Fall eine Reise nach Rudolstadt wert. (Link: <a href=\"http:\/\/www.dynamics-suhl.de\/monsterblog\/nggallery\/page-23\/album-6\/gallery-68\" target=\"_blank\">Dynamics Bilder &#8211; nur Handy-Kamera<\/a>)<\/p>\n","protected":false},"excerpt":{"rendered":"<p>Zwei Dynamics waren vor Ort, als auf dem Gel\u00e4nde des SAALEMAXX Rudolstadt bei bestem Kaiserwetter der Finaltag der SAALEMAXX-Open stattfand. Das Beachvolleyball-Turnier der Kategorie 2 (es werden also auch DVV-Punkte verteilt) wird zum mittlerweile 7. Mal vor dem Panorama der Heidecksburg ausgetragen, und dieses Jahr nahmen auch Grit Lehmann und Miloslava Lauerova vom VfB Suhl [&hellip;]<\/p>\n","protected":false},"author":3,"featured_media":0,"comment_status":"open","ping_status":"closed","sticky":false,"template":"","format":"standard","meta":{"ngg_post_thumbnail":0},"categories":[21,19,38],"tags":[74,63,50,142,146,147],"_links":{"self":[{"href":"https:\/\/www.dynamics-suhl.de\/monsterblog\/wp-json\/wp\/v2\/posts\/198"}],"collection":[{"href":"https:\/\/www.dynamics-suhl.de\/monsterblog\/wp-json\/wp\/v2\/posts"}],"about":[{"href":"https:\/\/www.dynamics-suhl.de\/monsterblog\/wp-json\/wp\/v2\/types\/post"}],"author":[{"embeddable":true,"href":"https:\/\/www.dynamics-suhl.de\/monsterblog\/wp-json\/wp\/v2\/users\/3"}],"replies":[{"embeddable":true,"href":"https:\/\/www.dynamics-suhl.de\/monsterblog\/wp-json\/wp\/v2\/comments?post=198"}],"version-history":[{"count":0,"href":"https:\/\/www.dynamics-suhl.de\/monsterblog\/wp-json\/wp\/v2\/posts\/198\/revisions"}],"wp:attachment":[{"href":"https:\/\/www.dynamics-suhl.de\/monsterblog\/wp-json\/wp\/v2\/media?parent=198"}],"wp:term":[{"taxonomy":"category","embeddable":true,"href":"https:\/\/www.dynamics-suhl.de\/monsterblog\/wp-json\/wp\/v2\/categories?post=198"},{"taxonomy":"post_tag","embeddable":true,"href":"https:\/\/www.dynamics-suhl.de\/monsterblog\/wp-json\/wp\/v2\/tags?post=198"}],"curies":[{"name":"wp","href":"https:\/\/api.w.org\/{rel}","templated":true}]}}