{"id":2394,"date":"2009-09-06T13:52:47","date_gmt":"2009-09-06T11:52:47","guid":{"rendered":"http:\/\/www.dynamics-suhl.de\/monsterblog\/?p=2394"},"modified":"2009-09-06T18:06:59","modified_gmt":"2009-09-06T16:06:59","slug":"nichts-genaues-weiss-man-nicht","status":"publish","type":"post","link":"https:\/\/www.dynamics-suhl.de\/monsterblog\/nichts-genaues-weiss-man-nicht\/","title":{"rendered":"Nichts genaues wei\u00df man nicht"},"content":{"rendered":"            \n\t\t<div class=\"ngg-gallery-singlepic-image ngg-right\" style=\"max-width: 190px\">\n\t\t\t    \t<a href=\"https:\/\/www.dynamics-suhl.de\/monsterblog\/wp-content\/gallery\/diverse\/sportdigital_tv.jpg\"\n\t\t     title=\"Quo vadis, sportdigital.tv? (Screenshot von www.sportdigital.tv - 06.09.2009)\"\n             data-src=\"https:\/\/www.dynamics-suhl.de\/monsterblog\/wp-content\/gallery\/diverse\/sportdigital_tv.jpg\"\n             data-thumbnail=\"https:\/\/www.dynamics-suhl.de\/monsterblog\/wp-content\/gallery\/diverse\/thumbs\/thumbs_sportdigital_tv.jpg\"\n             data-image-id=\"5659\"\n             data-title=\"Quo vadis, sportdigital.tv?\"\n             data-description=\"Quo vadis, sportdigital.tv? (Screenshot von www.sportdigital.tv - 06.09.2009)\"\n             target='_self'\n             class=\"ngg-fancybox\" rel=\"a69340aa1d5546b285e25b5e9e6c2c3f\">\n            <img class=\"ngg-singlepic\"\n             src=\"https:\/\/www.dynamics-suhl.de\/monsterblog\/wp-content\/gallery\/diverse\/cache\/sportdigital_tv.jpg-nggid045659-ngg0dyn-190x0x100-00f0w010c010r110f110r010t010.jpg\"\n             alt=\"Quo vadis, sportdigital.tv?\"\n             title=\"Quo vadis, sportdigital.tv?\"\n              width=\"190\"               \/>\n    \t<\/a>\n\t\t      <\/div>\n        \n<p>Schaut der Volleyball-Fan n\u00e4chste Saison wieder genussvoll in die R\u00f6hre, oder doch eher in die &#8222;sprichw\u00f6rtliche&#8220;? Seit Wochen rei\u00dfen jedenfalls die Ger\u00fcchte und Hiobsbotschaften<span style=\"vertical-align:super;font:9px Arial\"><a href=\"http:\/\/www.morgenpost.de\/printarchiv\/sport\/article1157657\/DSF_setzt_auf_Handball_Basketball_sucht_TV_Partner.html\" target=\"_blank\">&nbsp;[1]<\/a><\/span> rund um <a href=\"http:\/\/www.sportdigital.tv\/index\/home?ref=sportdigital\" target=\"_blank\">sportdigital.tv<\/a> nicht ab, und von der offiziellen Seite der DVL gibt es zu diesem Thema leider nicht mal <q>Wei\u00dfes Rauschen<\/q>.<br \/>\nAuf der Internet-Seite von sportdigital.tv findet man seit Wochen einen Hinweis, dass man \u00fcber Rechte verhandeln w\u00fcrde, aber auf der anderen Seite h\u00e4ufen sich die Hinweise, dass diverse Bundesliga-Vereine schon mit anderen Fernsehanstalten verhandeln und das st\u00e4ndige Verstreichen von Deadlines zwischen DVL und sportdigital.tv ist sicherlich kein gutes Zeichen. (<a href=\"http:\/\/volleyrad.de\/blog\/index.php?\/archives\/60-volleymix-Urlaub,-TV-und-Baade.html\" target=\"_blank\">Quelle<\/a>) <\/p>\n<p>[ratings]<\/p>\n","protected":false},"excerpt":{"rendered":"<p>Schaut der Volleyball-Fan n\u00e4chste Saison wieder genussvoll in die R\u00f6hre, oder doch eher in die &#8222;sprichw\u00f6rtliche&#8220;? Seit Wochen rei\u00dfen jedenfalls die Ger\u00fcchte und Hiobsbotschaften&nbsp;[1] rund um sportdigital.tv nicht ab, und von der offiziellen Seite der DVL gibt es zu diesem Thema leider nicht mal Wei\u00dfes Rauschen. Auf der Internet-Seite von sportdigital.tv findet man seit Wochen [&hellip;]<\/p>\n","protected":false},"author":3,"featured_media":0,"comment_status":"open","ping_status":"closed","sticky":false,"template":"","format":"standard","meta":{"ngg_post_thumbnail":0},"categories":[3],"tags":[160,90],"_links":{"self":[{"href":"https:\/\/www.dynamics-suhl.de\/monsterblog\/wp-json\/wp\/v2\/posts\/2394"}],"collection":[{"href":"https:\/\/www.dynamics-suhl.de\/monsterblog\/wp-json\/wp\/v2\/posts"}],"about":[{"href":"https:\/\/www.dynamics-suhl.de\/monsterblog\/wp-json\/wp\/v2\/types\/post"}],"author":[{"embeddable":true,"href":"https:\/\/www.dynamics-suhl.de\/monsterblog\/wp-json\/wp\/v2\/users\/3"}],"replies":[{"embeddable":true,"href":"https:\/\/www.dynamics-suhl.de\/monsterblog\/wp-json\/wp\/v2\/comments?post=2394"}],"version-history":[{"count":0,"href":"https:\/\/www.dynamics-suhl.de\/monsterblog\/wp-json\/wp\/v2\/posts\/2394\/revisions"}],"wp:attachment":[{"href":"https:\/\/www.dynamics-suhl.de\/monsterblog\/wp-json\/wp\/v2\/media?parent=2394"}],"wp:term":[{"taxonomy":"category","embeddable":true,"href":"https:\/\/www.dynamics-suhl.de\/monsterblog\/wp-json\/wp\/v2\/categories?post=2394"},{"taxonomy":"post_tag","embeddable":true,"href":"https:\/\/www.dynamics-suhl.de\/monsterblog\/wp-json\/wp\/v2\/tags?post=2394"}],"curies":[{"name":"wp","href":"https:\/\/api.w.org\/{rel}","templated":true}]}}