{"id":2498,"date":"2009-09-25T23:26:35","date_gmt":"2009-09-25T21:26:35","guid":{"rendered":"http:\/\/www.dynamics-suhl.de\/monsterblog\/?p=2498"},"modified":"2009-09-26T00:31:39","modified_gmt":"2009-09-25T22:31:39","slug":"fanstammtisch-2-punkt-0","status":"publish","type":"post","link":"https:\/\/www.dynamics-suhl.de\/monsterblog\/fanstammtisch-2-punkt-0\/","title":{"rendered":"Fanstammtisch 2.0"},"content":{"rendered":"            \n\t\t<div class=\"ngg-gallery-singlepic-image ngg-right\" style=\"max-width: 145px\">\n\t\t\t    \t<a href=\"https:\/\/www.dynamics-suhl.de\/monsterblog\/wp-content\/gallery\/diverse\/2009-09-25_032.jpg\"\n\t\t     title=\"\"\n             data-src=\"https:\/\/www.dynamics-suhl.de\/monsterblog\/wp-content\/gallery\/diverse\/2009-09-25_032.jpg\"\n             data-thumbnail=\"https:\/\/www.dynamics-suhl.de\/monsterblog\/wp-content\/gallery\/diverse\/thumbs\/thumbs_2009-09-25_032.jpg\"\n             data-image-id=\"5683\"\n             data-title=\"2009-09-25_032\"\n             data-description=\"\"\n             target='_self'\n             class=\"ngg-fancybox\" rel=\"a9926aca731cc4a09a2dc4706a0d9375\">\n            <img class=\"ngg-singlepic\"\n             src=\"https:\/\/www.dynamics-suhl.de\/monsterblog\/wp-content\/gallery\/diverse\/cache\/2009-09-25_032.jpg-nggid045683-ngg0dyn-145x0x100-00f0w010c010r110f110r010t010.jpg\"\n             alt=\"2009-09-25_032\"\n             title=\"2009-09-25_032\"\n              width=\"145\"               \/>\n    \t<\/a>\n\t\t      <\/div>\n        \n<p>Nachdem heute v\u00f6llig \u00fcberraschend sogar <q>Freies Wort<\/q> \u00fcber den geplanten Fanstammtisch mit dem VfB-Coach berichtete, gerieten die Organisatoren schon in eine klassische Stress-Situation: Pl\u00f6tzliche Visionen von 40-50 Leuten, die keinen Platz mehr finden an dem Tisch f\u00fcr 10-15 Leute, der reserviert wurde &#8211; und am Ende vielleicht unzufriedene Fans schon vor Beginn der Saison! Doch all diese Probleme sollte es nicht geben. Zehn interessierte VfB-Anh\u00e4nger waren im Naturheilgarten erschienen, um sich von VfB-Coach Jean-Pierre Staelens seine Coaching-Philosophie und die Strategie f\u00fcr die Saison erkl\u00e4ren zu lassen. <!--more--><\/p>\n            \n\t\t<div class=\"ngg-gallery-singlepic-image ngg-left\" style=\"max-width: 175px\">\n\t\t\t    \t<a href=\"https:\/\/www.dynamics-suhl.de\/monsterblog\/wp-content\/gallery\/diverse\/2009-09-25_031.jpg\"\n\t\t     title=\"\"\n             data-src=\"https:\/\/www.dynamics-suhl.de\/monsterblog\/wp-content\/gallery\/diverse\/2009-09-25_031.jpg\"\n             data-thumbnail=\"https:\/\/www.dynamics-suhl.de\/monsterblog\/wp-content\/gallery\/diverse\/thumbs\/thumbs_2009-09-25_031.jpg\"\n             data-image-id=\"5682\"\n             data-title=\"2009-09-25_031\"\n             data-description=\"\"\n             target='_self'\n             class=\"ngg-fancybox\" rel=\"9460d577ffbe206f0e3ee08f5c05a99b\">\n            <img class=\"ngg-singlepic\"\n             src=\"https:\/\/www.dynamics-suhl.de\/monsterblog\/wp-content\/gallery\/diverse\/cache\/2009-09-25_031.jpg-nggid045682-ngg0dyn-175x0x100-00f0w010c010r110f110r010t010.jpg\"\n             alt=\"2009-09-25_031\"\n             title=\"2009-09-25_031\"\n              width=\"175\"               \/>\n    \t<\/a>\n\t\t      <\/div>\n        \n<p>In zwei wirklich interessanten Stunden konnten die Anwesenden dann einen \u00dcberblick erhalten, wie die ersten Wochen der Vorbereitung angegangen wurden, und welche Konzepte der neue VfB-Trainer seiner Arbeit zugrunde legt. Nat\u00fcrlich verursachte der detaillierte Einblick in die vielschichtige Planung auch das ein oder andere fragende Gesicht, aber am Ende waren sich die Fans einig, dass sie jetzt die ein oder andere Begebenheit in der Halle mit anderen Augen sehen werden. Und mit einem wissenden L\u00e4cheln im Gesicht. \ud83d\ude09 Morgen werden dann ein paar der Anwesenden ihre neuen Kenntnisse beim Lichtensteiner Bundesliga-Cup \u00fcberpr\u00fcfen k\u00f6nnen, und sich schon ein paar Fragen f\u00fcr das n\u00e4chste Mal \u00fcberlegen k\u00f6nnen. Mehr dazu dann am Sonntag hier im Blog oder morgen im Live-Twitter direkt vom Ort des Geschehens.<\/p>\n<p>[ratings]<\/p>\n","protected":false},"excerpt":{"rendered":"<p>Nachdem heute v\u00f6llig \u00fcberraschend sogar Freies Wort \u00fcber den geplanten Fanstammtisch mit dem VfB-Coach berichtete, gerieten die Organisatoren schon in eine klassische Stress-Situation: Pl\u00f6tzliche Visionen von 40-50 Leuten, die keinen Platz mehr finden an dem Tisch f\u00fcr 10-15 Leute, der reserviert wurde &#8211; und am Ende vielleicht unzufriedene Fans schon vor Beginn der Saison! Doch [&hellip;]<\/p>\n","protected":false},"author":3,"featured_media":0,"comment_status":"open","ping_status":"closed","sticky":false,"template":"","format":"standard","meta":{"ngg_post_thumbnail":0},"categories":[21],"tags":[189,289],"_links":{"self":[{"href":"https:\/\/www.dynamics-suhl.de\/monsterblog\/wp-json\/wp\/v2\/posts\/2498"}],"collection":[{"href":"https:\/\/www.dynamics-suhl.de\/monsterblog\/wp-json\/wp\/v2\/posts"}],"about":[{"href":"https:\/\/www.dynamics-suhl.de\/monsterblog\/wp-json\/wp\/v2\/types\/post"}],"author":[{"embeddable":true,"href":"https:\/\/www.dynamics-suhl.de\/monsterblog\/wp-json\/wp\/v2\/users\/3"}],"replies":[{"embeddable":true,"href":"https:\/\/www.dynamics-suhl.de\/monsterblog\/wp-json\/wp\/v2\/comments?post=2498"}],"version-history":[{"count":0,"href":"https:\/\/www.dynamics-suhl.de\/monsterblog\/wp-json\/wp\/v2\/posts\/2498\/revisions"}],"wp:attachment":[{"href":"https:\/\/www.dynamics-suhl.de\/monsterblog\/wp-json\/wp\/v2\/media?parent=2498"}],"wp:term":[{"taxonomy":"category","embeddable":true,"href":"https:\/\/www.dynamics-suhl.de\/monsterblog\/wp-json\/wp\/v2\/categories?post=2498"},{"taxonomy":"post_tag","embeddable":true,"href":"https:\/\/www.dynamics-suhl.de\/monsterblog\/wp-json\/wp\/v2\/tags?post=2498"}],"curies":[{"name":"wp","href":"https:\/\/api.w.org\/{rel}","templated":true}]}}