{"id":2885,"date":"2009-11-12T13:47:58","date_gmt":"2009-11-12T12:47:58","guid":{"rendered":"http:\/\/www.dynamics-suhl.de\/monsterblog\/?p=2885"},"modified":"2009-11-12T15:11:34","modified_gmt":"2009-11-12T14:11:34","slug":"der-vfb-kader-waechst","status":"publish","type":"post","link":"https:\/\/www.dynamics-suhl.de\/monsterblog\/der-vfb-kader-waechst\/","title":{"rendered":"Der VfB-Kader &#8222;w\u00e4chst&#8220;"},"content":{"rendered":"            \n\t\t<div class=\"ngg-gallery-singlepic-image ngg-right\" style=\"max-width: 170px\">\n\t\t\t    \t<a href=\"https:\/\/www.dynamics-suhl.de\/monsterblog\/wp-content\/gallery\/2009-11-07_vfb_vs_avs\/20091107_0182.jpg\"\n\t\t     title=\"Neuzugang Eszter Kov\u00e1cs zu Gast beim Spiel gegen Stuttgart\"\n             data-src=\"https:\/\/www.dynamics-suhl.de\/monsterblog\/wp-content\/gallery\/2009-11-07_vfb_vs_avs\/20091107_0182.jpg\"\n             data-thumbnail=\"https:\/\/www.dynamics-suhl.de\/monsterblog\/wp-content\/gallery\/2009-11-07_vfb_vs_avs\/thumbs\/thumbs_20091107_0182.jpg\"\n             data-image-id=\"6076\"\n             data-title=\"Neuzugang Eszter Kov\u00e1cs zu Gast beim Spiel gegen Stuttgart\"\n             data-description=\"Neuzugang Eszter Kov\u00e1cs zu Gast beim Spiel gegen Stuttgart\"\n             target='_self'\n             class=\"ngg-fancybox\" rel=\"a5ccccdecf0f3516084dd63d1fea6b66\">\n            <img class=\"ngg-singlepic\"\n             src=\"https:\/\/www.dynamics-suhl.de\/monsterblog\/wp-content\/gallery\/2009-11-07_vfb_vs_avs\/cache\/20091107_0182.jpg-nggid046076-ngg0dyn-170x0x100-00f0w010c010r110f110r010t010.jpg\"\n             alt=\"Neuzugang Eszter Kov\u00e1cs zu Gast beim Spiel gegen Stuttgart\"\n             title=\"Neuzugang Eszter Kov\u00e1cs zu Gast beim Spiel gegen Stuttgart\"\n              width=\"170\"               \/>\n    \t<\/a>\n\t\t      <\/div>\n        \n<p>&#8230;und zwar auf exakt 1,832 m im Durchschnitt &#8211; das sind immerhin 0,7 cm mehr als vor der Verpflichtung von Eszter Kov\u00e1cs<span style=\"vertical-align:super;font:9px Arial\"><a href=\"http:\/\/eszterkovacs.huntlete.com\/page\/CV-Eszter-Kovacs.aspx\" target=\"_blank\">&nbsp;[1]<\/a><\/span>. Die 25-j\u00e4hrige Ungarin kommt vom franz\u00f6sischen Club <em>La Rochette Volley<\/em>, welcher sich aufgrund finanzieller Probleme<span style=\"vertical-align:super;font:9px Arial\"><a href=\"http:\/\/www.saintcloud-volley.fr\/index.php?file=News&#038;op=suite&#038;news_id=107\" target=\"_blank\">&nbsp;[2]<\/a><\/span> zu Beginn der Saison aus der LNV<span style=\"vertical-align:super;font:9px Arial\"><a href=\"http:\/\/lnv.fr\/index.php?idrub=1&#038;idmeta=1&#038;idsite=1\" target=\"_blank\">&nbsp;[3]<\/a><\/span> zur\u00fcckziehen musste. Eszter ist in dieser Saison mittlerweile der sechste Neuzugang in Suhl, und sie bringt als Mittelblockerin mit ihren 1,92 m nicht nur <q>Gr\u00f6\u00dfe<\/q>, sondern als mehrfache Nationalspielerin auch einen weiteren Schub an Erfahrung in den paneurop\u00e4ischen Kader des VfB. Als Ungarin tritt sie zudem in die <q>Fu\u00dfstapfen<\/q> von Annamaria Polgar, die 121 Pflichtspiele f\u00fcr den VfB Suhl absolvierte, und bei vielen Fans sicher noch in guter Erinnerung ist. Wir w\u00fcnschen Eszter an dieser Stelle mindestens genauso viel Erfolg und eine sch\u00f6ne Zeit hier in Suhl.<br \/>\n<strong>\u00d6r\u00f6mmel udr\u00f6z\u00f6lj\u00fck! <\/strong><\/p>\n<p>[ratings]<\/p>\n","protected":false},"excerpt":{"rendered":"<p>&#8230;und zwar auf exakt 1,832 m im Durchschnitt &#8211; das sind immerhin 0,7 cm mehr als vor der Verpflichtung von Eszter Kov\u00e1cs&nbsp;[1]. Die 25-j\u00e4hrige Ungarin kommt vom franz\u00f6sischen Club La Rochette Volley, welcher sich aufgrund finanzieller Probleme&nbsp;[2] zu Beginn der Saison aus der LNV&nbsp;[3] zur\u00fcckziehen musste. Eszter ist in dieser Saison mittlerweile der sechste Neuzugang [&hellip;]<\/p>\n","protected":false},"author":3,"featured_media":0,"comment_status":"open","ping_status":"closed","sticky":false,"template":"","format":"standard","meta":{"ngg_post_thumbnail":0},"categories":[143,3],"tags":[214,289],"_links":{"self":[{"href":"https:\/\/www.dynamics-suhl.de\/monsterblog\/wp-json\/wp\/v2\/posts\/2885"}],"collection":[{"href":"https:\/\/www.dynamics-suhl.de\/monsterblog\/wp-json\/wp\/v2\/posts"}],"about":[{"href":"https:\/\/www.dynamics-suhl.de\/monsterblog\/wp-json\/wp\/v2\/types\/post"}],"author":[{"embeddable":true,"href":"https:\/\/www.dynamics-suhl.de\/monsterblog\/wp-json\/wp\/v2\/users\/3"}],"replies":[{"embeddable":true,"href":"https:\/\/www.dynamics-suhl.de\/monsterblog\/wp-json\/wp\/v2\/comments?post=2885"}],"version-history":[{"count":0,"href":"https:\/\/www.dynamics-suhl.de\/monsterblog\/wp-json\/wp\/v2\/posts\/2885\/revisions"}],"wp:attachment":[{"href":"https:\/\/www.dynamics-suhl.de\/monsterblog\/wp-json\/wp\/v2\/media?parent=2885"}],"wp:term":[{"taxonomy":"category","embeddable":true,"href":"https:\/\/www.dynamics-suhl.de\/monsterblog\/wp-json\/wp\/v2\/categories?post=2885"},{"taxonomy":"post_tag","embeddable":true,"href":"https:\/\/www.dynamics-suhl.de\/monsterblog\/wp-json\/wp\/v2\/tags?post=2885"}],"curies":[{"name":"wp","href":"https:\/\/api.w.org\/{rel}","templated":true}]}}