{"id":2898,"date":"2009-11-14T00:01:38","date_gmt":"2009-11-13T23:01:38","guid":{"rendered":"http:\/\/www.dynamics-suhl.de\/monsterblog\/?p=2898"},"modified":"2009-11-14T00:01:22","modified_gmt":"2009-11-13T23:01:22","slug":"vfb-91-suhl-beim-sc-potsdam","status":"publish","type":"post","link":"https:\/\/www.dynamics-suhl.de\/monsterblog\/vfb-91-suhl-beim-sc-potsdam\/","title":{"rendered":"VfB 91 Suhl @ SC Potsdam"},"content":{"rendered":"            \n\t\t<div class=\"ngg-gallery-singlepic-image ngg-right\" style=\"max-width: 220px\">\n\t\t\t    \t<a href=\"https:\/\/www.dynamics-suhl.de\/monsterblog\/wp-content\/gallery\/kalender\/2009-11-14_scp_vs_vfb.png\"\n\t\t     title=\"SC Potsdam vs. VfB 91 Suhl (14.11.2009)\"\n             data-src=\"https:\/\/www.dynamics-suhl.de\/monsterblog\/wp-content\/gallery\/kalender\/2009-11-14_scp_vs_vfb.png\"\n             data-thumbnail=\"https:\/\/www.dynamics-suhl.de\/monsterblog\/wp-content\/gallery\/kalender\/thumbs\/thumbs_2009-11-14_scp_vs_vfb.png\"\n             data-image-id=\"6079\"\n             data-title=\"SC Potsdam vs. VfB 91 Suhl (14.11.2009)\"\n             data-description=\"SC Potsdam vs. VfB 91 Suhl (14.11.2009)\"\n             target='_self'\n             class=\"ngg-fancybox\" rel=\"42b88138c82f53f1366fb16130da11ff\">\n            <img class=\"ngg-singlepic\"\n             src=\"https:\/\/www.dynamics-suhl.de\/monsterblog\/wp-content\/gallery\/kalender\/cache\/2009-11-14_scp_vs_vfb.png-nggid046079-ngg0dyn-220x0x100-00f0w010c010r110f110r010t010.png\"\n             alt=\"SC Potsdam vs. VfB 91 Suhl (14.11.2009)\"\n             title=\"SC Potsdam vs. VfB 91 Suhl (14.11.2009)\"\n              width=\"220\"               \/>\n    \t<\/a>\n\t\t      <\/div>\n        \n<p><strong>Links:<\/strong><\/p>\n<ul>\n<li><a href=\"http:\/\/www.dynamics-suhl.de\/index.php?section=stats&#038;table=versus2&#038;team1=9&#038;sql=1&#038;team2=30&#038;season1=0&#038;season2=12&#038;alle=1&#038;cP=1&#038;cS=1&#038;cL2=1&#038;cL1=1&#038;cO=1&#038;cD=1\">Statistiken<\/a><\/li>\n<li><a href=\"http:\/\/www.volleyball-sc-potsdam.de\/home\/134-11112009-der-sc-potsdam-empfaengt-den-vfb-suhl.html\" target=\"_blank\">Homepage vom SC Potsdam<\/a><\/li>\n<li><a href=\"http:\/\/www.freies-wort.de\/sport\/sport\/thueringensportfw\/art2491,1064382\" target=\"_blank\">Artikel<\/a> Freies Wort<\/li>\n<li><a href=\"http:\/\/www.pnn.de\/regionalsport\/235046\/\" target=\"_blank\">Artikel<\/a> bei www.pnn.de<\/li>\n<\/ul>\n<p><strong>Vorbericht:<\/strong><\/p>\n            \n\t\t<div class=\"ngg-gallery-singlepic-image ngg-left\" style=\"max-width: 170px\">\n\t\t\t    \t<a href=\"https:\/\/www.dynamics-suhl.de\/monsterblog\/wp-content\/gallery\/2009-11-07_vfb_vs_avs\/2009-11-07_vfb_vs_avs_3.jpg\"\n\t\t     title=\"...\"\n             data-src=\"https:\/\/www.dynamics-suhl.de\/monsterblog\/wp-content\/gallery\/2009-11-07_vfb_vs_avs\/2009-11-07_vfb_vs_avs_3.jpg\"\n             data-thumbnail=\"https:\/\/www.dynamics-suhl.de\/monsterblog\/wp-content\/gallery\/2009-11-07_vfb_vs_avs\/thumbs\/thumbs_2009-11-07_vfb_vs_avs_3.jpg\"\n             data-image-id=\"6004\"\n             data-title=\"...\"\n             data-description=\"...\"\n             target='_self'\n             class=\"ngg-fancybox\" rel=\"8f435203295ff85dd74721f695d2a733\">\n            <img class=\"ngg-singlepic\"\n             src=\"https:\/\/www.dynamics-suhl.de\/monsterblog\/wp-content\/gallery\/2009-11-07_vfb_vs_avs\/cache\/2009-11-07_vfb_vs_avs_3.jpg-nggid046004-ngg0dyn-170x0x100-00f0w010c010r110f110r010t010.jpg\"\n             alt=\"...\"\n             title=\"...\"\n              width=\"170\"               \/>\n    \t<\/a>\n\t\t      <\/div>\n        \n<p>Eine Woche nach der ern\u00fcchternden Heimniederlage gegen Stuttgart m\u00fcssen die VfB-Damen wieder ausw\u00e4rts antreten. Gastgeber ist dieses Mal der SC Potsdam, seines Zeichens Aufsteiger und in dieser Partie sicher auch in der Position des <q>Underdogs<\/q>. Der VfB muss andererseits erst einmal wieder nachweisen, ob man in der Lage ist, die Rolle des Favoriten ad\u00e4quat auszuf\u00fcllen. Sollte es gelingen, an die Leistungen von M\u00fcnster und Aachen anzukn\u00fcpfen, dann d\u00fcrften die Chancen sehr gut sein, dass man zumindest ausw\u00e4rts weiterhin ungeschlagen bleibt. Vielleicht kann ja auch Neuzugang Eszter Kov\u00e1cs<span style=\"vertical-align:super;font:9px Arial\"><a href=\"http:\/\/www.dynamics-suhl.de\/monsterblog\/2009\/11\/12\/der-vfb-kader-waechst\/\" target=\"_blank\">&nbsp;[1]<\/a><\/span> zum ersten Mal dazu beitragen, nachdem sie der Niederlage gegen Stuttgart nur als Zuschauerin beiwohnen durfte. <!--more--><\/p>\n            \n\t\t<div class=\"ngg-gallery-singlepic-image ngg-right\" style=\"max-width: 127px\">\n\t\t\t    \t<a href=\"https:\/\/www.dynamics-suhl.de\/monsterblog\/wp-content\/gallery\/interviews\/interview_charly_II_01.jpg\"\n\t\t     title=\"\"\n             data-src=\"https:\/\/www.dynamics-suhl.de\/monsterblog\/wp-content\/gallery\/interviews\/interview_charly_II_01.jpg\"\n             data-thumbnail=\"https:\/\/www.dynamics-suhl.de\/monsterblog\/wp-content\/gallery\/interviews\/thumbs\/thumbs_interview_charly_II_01.jpg\"\n             data-image-id=\"3901\"\n             data-title=\"interview_charly_II_01.jpg\"\n             data-description=\"\"\n             target='_self'\n             class=\"ngg-fancybox\" rel=\"e0629197fa803b28f0bed7a54c927ed7\">\n            <img class=\"ngg-singlepic\"\n             src=\"https:\/\/www.dynamics-suhl.de\/monsterblog\/wp-content\/gallery\/interviews\/cache\/interview_charly_II_01.jpg-nggid043901-ngg0dyn-127x0x100-00f0w010c010r110f110r010t010.jpg\"\n             alt=\"interview_charly_II_01.jpg\"\n             title=\"interview_charly_II_01.jpg\"\n              width=\"127\"               \/>\n    \t<\/a>\n\t\t      <\/div>\n        \n<p>Betrachtet man die Mannschaft der Gastgeberinnen, so wird der geneigte Fan zwei bekannte Gesichter wiedererkennen. Mit Charlene <q>Charly<\/q> Spie\u00df (2007 mit dem VfB Rang Drei in der DVL) und Sandra Landvoigt (2008 Pokalsiegerin) stehen zwei ehemalige VfB-Damen im Kader der Potsdamerinnen. Haupts\u00e4chlich wird der VfB dort am Samstag aber auf sehr junge Nachwuchstalente treffen &#8211; mit Laura Weihenmaier, Janine Hinderlich und Sandra Sydlik auch Weltmeisterinnen aus Han Abbings erfolgreicher Junioren-Auswahl von 2009. Unser Tipp: Einfach mal die hervorragend gestaltete Webseite des SC Postdam besuchen &#8211; unter &#8222;<a href=\"http:\/\/www.volleyball-sc-potsdam.de\/team.html\" target=\"_blank\">Team<\/a>&#8220; gibt es ausf\u00fchrliche Steckbriefe der Damen. <\/p>\n            \n\t\t<div class=\"ngg-gallery-singlepic-image ngg-left\" style=\"max-width: 170px\">\n\t\t\t    \t<a href=\"https:\/\/www.dynamics-suhl.de\/monsterblog\/wp-content\/gallery\/diverse\/pokalsieger_2k8.jpg\"\n\t\t     title=\"Pokalsiegerin Sandra Landvoigt (mitte)\"\n             data-src=\"https:\/\/www.dynamics-suhl.de\/monsterblog\/wp-content\/gallery\/diverse\/pokalsieger_2k8.jpg\"\n             data-thumbnail=\"https:\/\/www.dynamics-suhl.de\/monsterblog\/wp-content\/gallery\/diverse\/thumbs\/thumbs_pokalsieger_2k8.jpg\"\n             data-image-id=\"6080\"\n             data-title=\"Pokalsiegerin Sandra Landvoigt (mitte)\"\n             data-description=\"Pokalsiegerin Sandra Landvoigt (mitte)\"\n             target='_self'\n             class=\"ngg-fancybox\" rel=\"c39bf617f4f49eea63664ba8f38718be\">\n            <img class=\"ngg-singlepic\"\n             src=\"https:\/\/www.dynamics-suhl.de\/monsterblog\/wp-content\/gallery\/diverse\/cache\/pokalsieger_2k8.jpg-nggid046080-ngg0dyn-170x0x100-00f0w010c010r110f110r010t010.jpg\"\n             alt=\"Pokalsiegerin Sandra Landvoigt (mitte)\"\n             title=\"Pokalsiegerin Sandra Landvoigt (mitte)\"\n              width=\"170\"               \/>\n    \t<\/a>\n\t\t      <\/div>\n        \n<p>Die Mannschaft um Kapit\u00e4n Maja Adam-Ilic sollte also gewarnt sein, denn einige der VC-Spielerinnen brachten dem VfB in der vergangenen Saison im Dress des VCO Berlin eine empfindliche Ausw\u00e4rtsniederlage bei. Die Potsdamerinnen hatten ihrerseits eine deutliche Niederlage beim K\u00f6penicker SC zu verarbeiten und werden vor heimischer Kulisse eine erstklassige Vorstellung abliefern wollen. Es ist also angerichtet. (SC)<\/p>\n<p>[ratings]<\/p>\n","protected":false},"excerpt":{"rendered":"<p>Links: Statistiken Homepage vom SC Potsdam Artikel Freies Wort Artikel bei www.pnn.de Vorbericht: Eine Woche nach der ern\u00fcchternden Heimniederlage gegen Stuttgart m\u00fcssen die VfB-Damen wieder ausw\u00e4rts antreten. Gastgeber ist dieses Mal der SC Potsdam, seines Zeichens Aufsteiger und in dieser Partie sicher auch in der Position des Underdogs. Der VfB muss andererseits erst einmal wieder [&hellip;]<\/p>\n","protected":false},"author":1,"featured_media":0,"comment_status":"open","ping_status":"closed","sticky":false,"template":"","format":"standard","meta":{"ngg_post_thumbnail":0},"categories":[19],"tags":[111,78,167,289],"_links":{"self":[{"href":"https:\/\/www.dynamics-suhl.de\/monsterblog\/wp-json\/wp\/v2\/posts\/2898"}],"collection":[{"href":"https:\/\/www.dynamics-suhl.de\/monsterblog\/wp-json\/wp\/v2\/posts"}],"about":[{"href":"https:\/\/www.dynamics-suhl.de\/monsterblog\/wp-json\/wp\/v2\/types\/post"}],"author":[{"embeddable":true,"href":"https:\/\/www.dynamics-suhl.de\/monsterblog\/wp-json\/wp\/v2\/users\/1"}],"replies":[{"embeddable":true,"href":"https:\/\/www.dynamics-suhl.de\/monsterblog\/wp-json\/wp\/v2\/comments?post=2898"}],"version-history":[{"count":0,"href":"https:\/\/www.dynamics-suhl.de\/monsterblog\/wp-json\/wp\/v2\/posts\/2898\/revisions"}],"wp:attachment":[{"href":"https:\/\/www.dynamics-suhl.de\/monsterblog\/wp-json\/wp\/v2\/media?parent=2898"}],"wp:term":[{"taxonomy":"category","embeddable":true,"href":"https:\/\/www.dynamics-suhl.de\/monsterblog\/wp-json\/wp\/v2\/categories?post=2898"},{"taxonomy":"post_tag","embeddable":true,"href":"https:\/\/www.dynamics-suhl.de\/monsterblog\/wp-json\/wp\/v2\/tags?post=2898"}],"curies":[{"name":"wp","href":"https:\/\/api.w.org\/{rel}","templated":true}]}}