{"id":3126,"date":"2009-12-09T01:23:38","date_gmt":"2009-12-09T00:23:38","guid":{"rendered":"http:\/\/www.dynamics-suhl.de\/monsterblog\/?p=3126"},"modified":"2009-12-09T01:30:39","modified_gmt":"2009-12-09T00:30:39","slug":"interview-mit-dominice-steffen","status":"publish","type":"post","link":"https:\/\/www.dynamics-suhl.de\/monsterblog\/interview-mit-dominice-steffen\/","title":{"rendered":"Interview mit Dominice Steffen"},"content":{"rendered":"<div style=\"background-color:#EDEDED;padding:3px 8px 3px 8px;margin:3px 0px 5px 0px;border:1px solid #DEDEDE\"><strong>Suhl, 07.12.2009:<\/strong> Nach dem Pokalachtelfinale haben wir ein paar Interview-Fragen an Dominice Steffen weiterleiten lassen. P\u00fcnktlich vor dem Viertelfinal-Spiel gegen Sonthofen hat sie uns geantwortet, und so k\u00f6nnen wir hier zur Einstimmung wieder interessanten Lesestoff bieten. (SC)<\/div>\n            \n\t\t<div class=\"ngg-gallery-singlepic-image ngg-right\" style=\"max-width: 200px\">\n\t\t\t    \t<a href=\"https:\/\/www.dynamics-suhl.de\/monsterblog\/wp-content\/gallery\/2009-12-05_vfb_vs_ats\/20091205_0083.jpg\"\n\t\t     title=\"\"\n             data-src=\"https:\/\/www.dynamics-suhl.de\/monsterblog\/wp-content\/gallery\/2009-12-05_vfb_vs_ats\/20091205_0083.jpg\"\n             data-thumbnail=\"https:\/\/www.dynamics-suhl.de\/monsterblog\/wp-content\/gallery\/2009-12-05_vfb_vs_ats\/thumbs\/thumbs_20091205_0083.jpg\"\n             data-image-id=\"6340\"\n             data-title=\"20091205_0083\"\n             data-description=\"\"\n             target='_self'\n             class=\"ngg-fancybox\" rel=\"f510cfd37de6a59edad20d829b93b47b\">\n            <img class=\"ngg-singlepic\"\n             src=\"https:\/\/www.dynamics-suhl.de\/monsterblog\/wp-content\/gallery\/2009-12-05_vfb_vs_ats\/cache\/20091205_0083.jpg-nggid046340-ngg0dyn-200x0x100-00f0w010c010r110f110r010t010.jpg\"\n             alt=\"20091205_0083\"\n             title=\"20091205_0083\"\n              width=\"200\"               \/>\n    \t<\/a>\n\t\t      <\/div>\n        \n<p><em><strong>Dynamics:<\/strong> Du hattest ja zuletzt mit einer Verletzung zu k\u00e4mpfen und konntest in den letzten Spielen nur kurz eingreifen. Deswegen als erste Frage: Wie geht es dir?<\/em><br \/>\n<strong>Domi:<\/strong> Gut. Ich kann wieder alles machen und bin somit voll einsatzf\u00e4hig. Nun m\u00fcssen jetzt nur noch Spiele folgen, wo ich es auch zeigen kann.  \ud83d\ude42 <!--more--><\/p>\n<p><em><strong>Dynamics:<\/strong> Du hast zum ersten Mal einen der Pokalkrimis zwischen Suhl und Hamburg auf \u201eunserer\u201c Seite vom Netz erlebt. Mal abgesehen von der besonderen Bedeutung des Pokals insgesamt: War es ein besonderes Spiel f\u00fcr dich?<\/em><br \/>\n<strong>Domi:<\/strong> Es ist immer etwas Besonderes f\u00fcr mich gegen Hamburg zu spielen, besonders dann auch zu gewinnen. Denn somit hole ich mir die Best\u00e4tigung, dass ich zu dem richtigen Verein gewechselt und alles richtig gemacht habe.<\/p>\n<p><em><strong>Dynamics:<\/strong> In der Partie ging es auf und ab, und zu Beginn des Tiebreaks war in der Halle viel Resignation zu bemerken. Wie habt ihr es geschafft, einen k\u00fchlen Kopf zu behalten? Hat Jean-Pierre nach dem 4. Satz noch mal besondere Dinge angesprochen?<\/em><br \/>\n<strong>Domi:<\/strong> Der Coach hat uns noch mal in Erinnerung gerufen, was die Schwachstellen des Gegners sind und wie wir sie zu unseren Gunsten nutzen k\u00f6nnen. Wir vertrauten auf unsere St\u00e4rken und blieben auch bei einem R\u00fcckstand ruhig. Wir hatten nie das Gef\u00fchl verlieren zu k\u00f6nnen, auch wenn es mal brenzlig wurde.<\/p>\n            \n\t\t<div class=\"ngg-gallery-singlepic-image ngg-left\" style=\"max-width: 180px\">\n\t\t\t    \t<a href=\"https:\/\/www.dynamics-suhl.de\/monsterblog\/wp-content\/gallery\/2009-03-21_vfb_vs_ssc\/20090321_0095.jpg\"\n\t\t     title=\"\"\n             data-src=\"https:\/\/www.dynamics-suhl.de\/monsterblog\/wp-content\/gallery\/2009-03-21_vfb_vs_ssc\/20090321_0095.jpg\"\n             data-thumbnail=\"https:\/\/www.dynamics-suhl.de\/monsterblog\/wp-content\/gallery\/2009-03-21_vfb_vs_ssc\/thumbs\/thumbs_20090321_0095.jpg\"\n             data-image-id=\"4711\"\n             data-title=\"20090321_0095.jpg\"\n             data-description=\"\"\n             target='_self'\n             class=\"ngg-fancybox\" rel=\"ed77b9252e2a2eb2a294286201ec0ff9\">\n            <img class=\"ngg-singlepic\"\n             src=\"https:\/\/www.dynamics-suhl.de\/monsterblog\/wp-content\/gallery\/2009-03-21_vfb_vs_ssc\/cache\/20090321_0095.jpg-nggid044711-ngg0dyn-180x0x100-00f0w010c010r110f110r010t010.jpg\"\n             alt=\"20090321_0095.jpg\"\n             title=\"20090321_0095.jpg\"\n              width=\"180\"               \/>\n    \t<\/a>\n\t\t      <\/div>\n        \n<p><em><strong>Dynamics:<\/strong> Der Gegner im Viertelfinale ist nun Sonthofen. Wie wurde die Auslosung im Team aufgenommen? Im Ligaspiel kann man jetzt den Damen aus Sonthofen sogar noch mal auf den Zahn f\u00fchlen.<\/em><br \/>\n<strong>Domi:<\/strong> Gut! Zu der Freude des Weiterkommens beim DVV- Pokal kam jetzt auch noch positive Nachricht, dass wir als n\u00e4chstes gegen Sonthofen spielen werden. Gut war auch, dass wir vorher noch mal eine Generalprobe bekamen, die wir auch nutzten. Ich hoffe, dass auch beim Viertelfinale nichts schief geht.<\/p>\n<p><em><strong>Dynamics:<\/strong> Du bist eine der wenigen Spielerinnen, die noch die spektakul\u00e4ren, kraftvollen Sprungaufgaben machen. Wird man die auch in Zukunft noch bewundern d\u00fcrfen? Es hei\u00dft ja, dass bei dem neuen Ball die \u201elangsamen\u201c Flatteraufschl\u00e4ge viel effektiver w\u00e4ren.<\/em><br \/>\n<strong>Domi:<\/strong> Nat\u00fcrlich werde ich weiterhin bei meinem Aufschlag bleiben. Au\u00dferdem kommt es doch darauf an, wer sie schl\u00e4gt. \ud83d\ude09 Man kann auch noch mit einem Sprungaufschlag viele Punkte machen. <\/p>\n            \n\t\t<div class=\"ngg-gallery-singlepic-image ngg-right\" style=\"max-width: 200px\">\n\t\t\t    \t<a href=\"https:\/\/www.dynamics-suhl.de\/monsterblog\/wp-content\/gallery\/2009-04-44_vfb_vs_rrv\/20090404_0097.jpg\"\n\t\t     title=\"\"\n             data-src=\"https:\/\/www.dynamics-suhl.de\/monsterblog\/wp-content\/gallery\/2009-04-44_vfb_vs_rrv\/20090404_0097.jpg\"\n             data-thumbnail=\"https:\/\/www.dynamics-suhl.de\/monsterblog\/wp-content\/gallery\/2009-04-44_vfb_vs_rrv\/thumbs\/thumbs_20090404_0097.jpg\"\n             data-image-id=\"4906\"\n             data-title=\"20090404_0097.jpg\"\n             data-description=\"\"\n             target='_self'\n             class=\"ngg-fancybox\" rel=\"b5d759e1393b84941b7d6a5a3028b706\">\n            <img class=\"ngg-singlepic\"\n             src=\"https:\/\/www.dynamics-suhl.de\/monsterblog\/wp-content\/gallery\/2009-04-44_vfb_vs_rrv\/cache\/20090404_0097.jpg-nggid044906-ngg0dyn-200x0x100-00f0w010c010r110f110r010t010.jpg\"\n             alt=\"20090404_0097.jpg\"\n             title=\"20090404_0097.jpg\"\n              width=\"200\"               \/>\n    \t<\/a>\n\t\t      <\/div>\n        \n<p><em><strong>Dynamics:<\/strong> Gegen die \u201egro\u00dfen\u201c Teams (Dresden, Schwerin und Vilsbiburg) habt ihr zwar noch nicht gespielt, aber vielleicht kannst du ja ein erstes kurzes Fazit \u00fcber den Saisonstart ziehen. Von den Ergebnissen her gibt es ja nur wenig zu beanstanden, aber wie seit ihr mit euren gezeigten Leistungen zufrieden?<\/em><br \/>\n<strong>Domi:<\/strong> Es gibt nat\u00fcrlich noch hier und da ein paar Unstimmigkeiten und wir sind noch lange nicht an unserer Leistungsspitze angekommen. Aber ich denke, dass wir mit unseren Aufgaben wachsen und noch vieles an spektakul\u00e4ren Spielen zeigen k\u00f6nnen. Es ist immer leichter sich an die Spitze zu k\u00e4mpfen, jetzt m\u00fcssen wir beweisen, dass wir auch dort hingeh\u00f6ren.<\/p>\n<p><em><strong>Dynamics:<\/strong> Das Team hat wieder viele neue Gesichter bekommen, aber der erneute Neuanfang scheint gut zu laufen. Wie sehr helfen die gemeinsamen Unternehmungen, wie das \u201eBob\u201c-Fahren zuletzt und wie war das Photoshooting f\u00fcr den Kalender? Du hattest ja die k\u00fcnstlerische Leitung. War es schwer, die Truppe unter einen Hut zu bringen? \ud83d\ude09 <\/em><br \/>\n<strong>Domi:<\/strong> Wir verstehen uns alle ziemlich gut, nat\u00fcrlich helfen uns solche Ausfl\u00fcge zus\u00e4tzlich noch uns besser kennenzulernen. Was den Kalender angeht, waren alle super aufgeregt. Besonders ich, da ich so etwas noch nie zuvor gemacht hatte, aber es lief alles glatt und die Fotos sind doch sch\u00f6n geworden, oder? <\/p>\n<p><em><strong>Dynamics:<\/strong> Du bist ja nicht mehr ganz neu in Suhl, aber zum Schluss w\u00fcrden wir gern noch wissen, wie du dich eingelebt hast. Mittlerweile hast du ja auch eine Ausbildung beim Theater in Meiningen begonnen. Wie gut l\u00e4sst sich das ganze mit dem Alltag im Leistungssport unter einen Hut bringen?<\/em><br \/>\n<strong>Domi:<\/strong> Ich hab mich sehr gut eingelebt. Ich bin noch mal umgezogen, habe mir die Wohnung wohnlicher gestaltet und lebe mein Leben wie jeder andere auch. Es w\u00e4re gelogen, wenn ich jetzt sagen w\u00fcrde: &#8222;Ausbildung und Leistungssport, kein Problem!&#8220;. Aber wenn man gen\u00fcgend Unterst\u00fctzung und Verst\u00e4ndnis entgegen gebracht bekommt, wie es bei mir der Fall ist, gestaltet sich der Alltag wesentlich leichter.<\/p>\n<p><em>Fragen und Bearbeitung: Ingolf Rust (SC)<\/em><\/p>\n<p>[ratings]<\/p>\n","protected":false},"excerpt":{"rendered":"<p>Suhl, 07.12.2009: Nach dem Pokalachtelfinale haben wir ein paar Interview-Fragen an Dominice Steffen weiterleiten lassen. P\u00fcnktlich vor dem Viertelfinal-Spiel gegen Sonthofen hat sie uns geantwortet, und so k\u00f6nnen wir hier zur Einstimmung wieder interessanten Lesestoff bieten. (SC) Dynamics: Du hattest ja zuletzt mit einer Verletzung zu k\u00e4mpfen und konntest in den letzten Spielen nur kurz [&hellip;]<\/p>\n","protected":false},"author":3,"featured_media":0,"comment_status":"open","ping_status":"closed","sticky":false,"template":"","format":"standard","meta":{"ngg_post_thumbnail":0},"categories":[28],"tags":[145,31],"_links":{"self":[{"href":"https:\/\/www.dynamics-suhl.de\/monsterblog\/wp-json\/wp\/v2\/posts\/3126"}],"collection":[{"href":"https:\/\/www.dynamics-suhl.de\/monsterblog\/wp-json\/wp\/v2\/posts"}],"about":[{"href":"https:\/\/www.dynamics-suhl.de\/monsterblog\/wp-json\/wp\/v2\/types\/post"}],"author":[{"embeddable":true,"href":"https:\/\/www.dynamics-suhl.de\/monsterblog\/wp-json\/wp\/v2\/users\/3"}],"replies":[{"embeddable":true,"href":"https:\/\/www.dynamics-suhl.de\/monsterblog\/wp-json\/wp\/v2\/comments?post=3126"}],"version-history":[{"count":0,"href":"https:\/\/www.dynamics-suhl.de\/monsterblog\/wp-json\/wp\/v2\/posts\/3126\/revisions"}],"wp:attachment":[{"href":"https:\/\/www.dynamics-suhl.de\/monsterblog\/wp-json\/wp\/v2\/media?parent=3126"}],"wp:term":[{"taxonomy":"category","embeddable":true,"href":"https:\/\/www.dynamics-suhl.de\/monsterblog\/wp-json\/wp\/v2\/categories?post=3126"},{"taxonomy":"post_tag","embeddable":true,"href":"https:\/\/www.dynamics-suhl.de\/monsterblog\/wp-json\/wp\/v2\/tags?post=3126"}],"curies":[{"name":"wp","href":"https:\/\/api.w.org\/{rel}","templated":true}]}}