{"id":3308,"date":"2010-01-09T01:09:48","date_gmt":"2010-01-09T00:09:48","guid":{"rendered":"http:\/\/www.dynamics-suhl.de\/monsterblog\/?p=3308"},"modified":"2010-01-08T22:59:20","modified_gmt":"2010-01-08T21:59:20","slug":"vfb-91-suhl-beim-vc-wiesbaden","status":"publish","type":"post","link":"https:\/\/www.dynamics-suhl.de\/monsterblog\/vfb-91-suhl-beim-vc-wiesbaden\/","title":{"rendered":"VfB 91 Suhl @ VC Wiesbaden"},"content":{"rendered":"            \n\t\t<div class=\"ngg-gallery-singlepic-image ngg-right\" style=\"max-width: 220px\">\n\t\t\t    \t<a href=\"https:\/\/www.dynamics-suhl.de\/monsterblog\/wp-content\/gallery\/kalender\/2010-01-09_vcw_vs_vfb.png\"\n\t\t     title=\"VC Wiesbaden vs. VfB 91 Suhl (09.01.2010)\"\n             data-src=\"https:\/\/www.dynamics-suhl.de\/monsterblog\/wp-content\/gallery\/kalender\/2010-01-09_vcw_vs_vfb.png\"\n             data-thumbnail=\"https:\/\/www.dynamics-suhl.de\/monsterblog\/wp-content\/gallery\/kalender\/thumbs\/thumbs_2010-01-09_vcw_vs_vfb.png\"\n             data-image-id=\"6552\"\n             data-title=\"VC Wiesbaden vs. VfB 91 Suhl (09.01.2010)\"\n             data-description=\"VC Wiesbaden vs. VfB 91 Suhl (09.01.2010)\"\n             target='_self'\n             class=\"ngg-fancybox\" rel=\"ca28f1a3e081eeca347bc07343f84c1e\">\n            <img class=\"ngg-singlepic\"\n             src=\"https:\/\/www.dynamics-suhl.de\/monsterblog\/wp-content\/gallery\/kalender\/cache\/2010-01-09_vcw_vs_vfb.png-nggid046552-ngg0dyn-220x0x100-00f0w010c010r110f110r010t010.png\"\n             alt=\"VC Wiesbaden vs. VfB 91 Suhl (09.01.2010)\"\n             title=\"VC Wiesbaden vs. VfB 91 Suhl (09.01.2010)\"\n              width=\"220\"               \/>\n    \t<\/a>\n\t\t      <\/div>\n        \n<p><strong>Links:<\/strong><\/p>\n<ul>\n<li><a href=\"http:\/\/www.dynamics-suhl.de\/index.php?section=stats&#038;table=versus2&#038;team1=9&#038;sql=1&#038;team2=7&#038;season1=0&#038;season2=12&#038;alle=1&#038;cP=1&#038;cS=1&#038;cL2=1&#038;cL1=1&#038;cO=1&#038;cD=1\">Statistiken<\/a><\/li>\n<li><a href=\"http:\/\/www.vc-wiesbaden.de\" target=\"_blank\">Homepage des VCW<\/a><\/li>\n<li><a href=\"http:\/\/www.dvl-ticker.de\/\" target=\"_blank\">Liveticker<\/a><\/li>\n<li><a href=\"http:\/\/vcwfanseite.jimdo.com\/\" target=\"_blank\">VCW-Fanseite<\/a><\/li>\n<\/ul>\n<p><span style=\"color:#ffffff\">&#8230;<\/span><br \/>\n<strong>Vorbericht:<\/strong><\/p>\n<p><q>Daisy<\/q> ist in aller Munde, und es vergeht keine Nachrichtensendung, in der es nicht hei\u00dft &#8222;Lassen sie heute lieber ihr Auto stehen&#8230;&#8220; Die Damen vom VfB Suhl haben diese Wahl nicht, denn sie m\u00fcssen sich auf den Weg zum DVL-Spitzenspiel nach Wiesbaden machen. Beim Tabellendritten aus der hessischen Landeshauptstadt wird es f\u00fcr die Damen um Kapit\u00e4n Maja Adam Ilic mindestens \u00e4hnlich schwer wie in Vilsbiburg. Nach einem durchwachsenen Saisonstart mit ein paar knappen Entscheidungen gegen Teams aus der unteren Tabellenh\u00e4lfte stabilisierten sich die Wiesbadnerinnen und k\u00f6nnen immer noch eine makellose Heimbilanz aufweisen. <!--more--><br \/>\nDiese oder die Ausw\u00e4rtsserie des VfB wird heute eine Delle bekommen &#8211; leider ohne Zuschauer im TV oder Internet, denn auch dieses Spitzenspiel wird leider nicht von spobox.tv \u00fcbertragen.<br \/>\nWenn die Verkehrsbedingungen es zulassen, werden sich die Suhlerinnen aber auf etwas dynamische Unterst\u00fctzung freuen k\u00f6nnen, und es ist fast mit Sicherheit davon auszugehen, dass viele VfB-Fans am Ticker mitfiebern werden. Falls die Delegation der Dynamics wohlbehalten in Wiesbaden ankommen sollte, gibt es vielleicht auch wieder die ein oder andere Info im dynamischen <a href=\"http:\/\/twitter.com\/dynamics_suhl\" target=\"_blank\">Twitterfeed<\/a>.<\/p>\n<p>[ratings]<\/p>\n","protected":false},"excerpt":{"rendered":"<p>Links: Statistiken Homepage des VCW Liveticker VCW-Fanseite &#8230; Vorbericht: Daisy ist in aller Munde, und es vergeht keine Nachrichtensendung, in der es nicht hei\u00dft &#8222;Lassen sie heute lieber ihr Auto stehen&#8230;&#8220; Die Damen vom VfB Suhl haben diese Wahl nicht, denn sie m\u00fcssen sich auf den Weg zum DVL-Spitzenspiel nach Wiesbaden machen. Beim Tabellendritten aus [&hellip;]<\/p>\n","protected":false},"author":3,"featured_media":0,"comment_status":"open","ping_status":"closed","sticky":false,"template":"","format":"standard","meta":{"ngg_post_thumbnail":0},"categories":[19,38],"tags":[43,289],"_links":{"self":[{"href":"https:\/\/www.dynamics-suhl.de\/monsterblog\/wp-json\/wp\/v2\/posts\/3308"}],"collection":[{"href":"https:\/\/www.dynamics-suhl.de\/monsterblog\/wp-json\/wp\/v2\/posts"}],"about":[{"href":"https:\/\/www.dynamics-suhl.de\/monsterblog\/wp-json\/wp\/v2\/types\/post"}],"author":[{"embeddable":true,"href":"https:\/\/www.dynamics-suhl.de\/monsterblog\/wp-json\/wp\/v2\/users\/3"}],"replies":[{"embeddable":true,"href":"https:\/\/www.dynamics-suhl.de\/monsterblog\/wp-json\/wp\/v2\/comments?post=3308"}],"version-history":[{"count":0,"href":"https:\/\/www.dynamics-suhl.de\/monsterblog\/wp-json\/wp\/v2\/posts\/3308\/revisions"}],"wp:attachment":[{"href":"https:\/\/www.dynamics-suhl.de\/monsterblog\/wp-json\/wp\/v2\/media?parent=3308"}],"wp:term":[{"taxonomy":"category","embeddable":true,"href":"https:\/\/www.dynamics-suhl.de\/monsterblog\/wp-json\/wp\/v2\/categories?post=3308"},{"taxonomy":"post_tag","embeddable":true,"href":"https:\/\/www.dynamics-suhl.de\/monsterblog\/wp-json\/wp\/v2\/tags?post=3308"}],"curies":[{"name":"wp","href":"https:\/\/api.w.org\/{rel}","templated":true}]}}