{"id":3404,"date":"2010-01-23T16:33:58","date_gmt":"2010-01-23T15:33:58","guid":{"rendered":"http:\/\/www.dynamics-suhl.de\/monsterblog\/?p=3404"},"modified":"2010-01-23T16:46:36","modified_gmt":"2010-01-23T15:46:36","slug":"vfb-91-suhl-vs-rote-raben-vilsbiburg-2","status":"publish","type":"post","link":"https:\/\/www.dynamics-suhl.de\/monsterblog\/vfb-91-suhl-vs-rote-raben-vilsbiburg-2\/","title":{"rendered":"VfB 91 Suhl vs. Rote Raben Vilsbiburg"},"content":{"rendered":"            \n\t\t<div class=\"ngg-gallery-singlepic-image ngg-right\" style=\"max-width: 220px\">\n\t\t\t    \t<a href=\"https:\/\/www.dynamics-suhl.de\/monsterblog\/wp-content\/gallery\/kalender\/2009-01-23_vfb_vs_rrv.png\"\n\t\t     title=\"VfB 91 Suhl vs. Rote Raben Vilsbiburg (23.01.2010)\"\n             data-src=\"https:\/\/www.dynamics-suhl.de\/monsterblog\/wp-content\/gallery\/kalender\/2009-01-23_vfb_vs_rrv.png\"\n             data-thumbnail=\"https:\/\/www.dynamics-suhl.de\/monsterblog\/wp-content\/gallery\/kalender\/thumbs\/thumbs_2009-01-23_vfb_vs_rrv.png\"\n             data-image-id=\"6611\"\n             data-title=\"VfB 91 Suhl vs. Rote Raben Vilsbiburg (23.01.2010)\"\n             data-description=\"VfB 91 Suhl vs. Rote Raben Vilsbiburg (23.01.2010)\"\n             target='_self'\n             class=\"ngg-fancybox\" rel=\"3e9151ec20a4f740ccb449ba11035cfb\">\n            <img class=\"ngg-singlepic\"\n             src=\"https:\/\/www.dynamics-suhl.de\/monsterblog\/wp-content\/gallery\/kalender\/cache\/2009-01-23_vfb_vs_rrv.png-nggid046611-ngg0dyn-220x0x100-00f0w010c010r110f110r010t010.png\"\n             alt=\"VfB 91 Suhl vs. Rote Raben Vilsbiburg (23.01.2010)\"\n             title=\"VfB 91 Suhl vs. Rote Raben Vilsbiburg (23.01.2010)\"\n              width=\"220\"               \/>\n    \t<\/a>\n\t\t      <\/div>\n        \n<p><strong>Links:<\/strong><\/p>\n<ul>\n<li><a href=\"http:\/\/www.dynamics-suhl.de\/index.php?section=stats&#038;table=versus2&#038;team1=9&#038;sql=1&#038;team2=3&#038;season1=0&#038;season2=12&#038;alle=1&#038;cP=1&#038;cL2=1&#038;cL1=1&#038;cO=1&#038;cD=1\">Statistiken<\/a><\/li>\n<li><a href=\"http:\/\/www.roteraben.de\" target=\"_blank\">Homepage der Raben<\/a><\/li>\n<li><a href=\"http:\/\/www.dvl-ticker.de\/\" target=\"_blank\">Liveticker der DVL<\/a><\/li>\n<li>Artikel bei <a href=\"http:\/\/www.freies-wort.de\/sport\/sport\/thueringensportfw\/art2491,1100524\" target=\"_blank\"><q>Freies Wort<\/q><\/a><\/li>\n<\/ul>\n<p><span style=\"color:#ffffff\">&#8230;<\/span><br \/>\n<strong>Vorbericht:<\/strong><\/p>\n<p>Der PowerIndex<span style=\"vertical-align:super;font:9px Arial\"><a href=\"http:\/\/www.dynamics-suhl.de\/index.php?section=stats&#038;table=powi\" target=\"_blank\">&nbsp;[1]<\/a><\/span> sieht die Roten Raben als leichten Favoriten in die heutige Partie gehen, und unterstreicht damit den Aufw\u00e4rtstrend der Mannschaft um Allstar Coach Guillermo Gallardo. Schwerin und Dresden mussten zuletzt gegen die Vilsbiburger Damen Federn lassen, und auch der angeschlagene VfB sieht sich heute einer schweren Aufgabe gegen\u00fcber. Deswegen hat Jean-Pierre Staelens in der Zeitung noch mal einen Appell an die Suhler Volleyball-Fans lanciert, um sich 100%-iger Unterst\u00fctzung von den R\u00e4ngen sicher sein zu k\u00f6nnen. Allerdings stehen mit Blick auf die zuletzt gezeigten Leistungen und das gut gef\u00fcllte VfB-Lazarett die Vorzeichen f\u00fcr die Wochen der Wahrheit nicht gerade optimal, was jedoch die Erwartungshaltungen im Umfeld kaum bes\u00e4nftigen d\u00fcrfte. Also gilt heute in der Wolfsgrube das Motto der neuen Blockfahne: <q>K\u00e4mpfen und Siegen!<\/q> (SC)<\/p>\n<p>[ratings]<\/p>\n","protected":false},"excerpt":{"rendered":"<p>Links: Statistiken Homepage der Raben Liveticker der DVL Artikel bei Freies Wort &#8230; Vorbericht: Der PowerIndex&nbsp;[1] sieht die Roten Raben als leichten Favoriten in die heutige Partie gehen, und unterstreicht damit den Aufw\u00e4rtstrend der Mannschaft um Allstar Coach Guillermo Gallardo. Schwerin und Dresden mussten zuletzt gegen die Vilsbiburger Damen Federn lassen, und auch der angeschlagene [&hellip;]<\/p>\n","protected":false},"author":3,"featured_media":0,"comment_status":"open","ping_status":"closed","sticky":false,"template":"","format":"standard","meta":{"ngg_post_thumbnail":0},"categories":[19],"tags":[52,289],"_links":{"self":[{"href":"https:\/\/www.dynamics-suhl.de\/monsterblog\/wp-json\/wp\/v2\/posts\/3404"}],"collection":[{"href":"https:\/\/www.dynamics-suhl.de\/monsterblog\/wp-json\/wp\/v2\/posts"}],"about":[{"href":"https:\/\/www.dynamics-suhl.de\/monsterblog\/wp-json\/wp\/v2\/types\/post"}],"author":[{"embeddable":true,"href":"https:\/\/www.dynamics-suhl.de\/monsterblog\/wp-json\/wp\/v2\/users\/3"}],"replies":[{"embeddable":true,"href":"https:\/\/www.dynamics-suhl.de\/monsterblog\/wp-json\/wp\/v2\/comments?post=3404"}],"version-history":[{"count":0,"href":"https:\/\/www.dynamics-suhl.de\/monsterblog\/wp-json\/wp\/v2\/posts\/3404\/revisions"}],"wp:attachment":[{"href":"https:\/\/www.dynamics-suhl.de\/monsterblog\/wp-json\/wp\/v2\/media?parent=3404"}],"wp:term":[{"taxonomy":"category","embeddable":true,"href":"https:\/\/www.dynamics-suhl.de\/monsterblog\/wp-json\/wp\/v2\/categories?post=3404"},{"taxonomy":"post_tag","embeddable":true,"href":"https:\/\/www.dynamics-suhl.de\/monsterblog\/wp-json\/wp\/v2\/tags?post=3404"}],"curies":[{"name":"wp","href":"https:\/\/api.w.org\/{rel}","templated":true}]}}