{"id":3751,"date":"2010-04-01T00:01:20","date_gmt":"2010-03-31T22:01:20","guid":{"rendered":"http:\/\/www.dynamics-suhl.de\/monsterblog\/?p=3751"},"modified":"2010-04-02T10:14:47","modified_gmt":"2010-04-02T08:14:47","slug":"dynamics-tv-startet-2010-2011","status":"publish","type":"post","link":"https:\/\/www.dynamics-suhl.de\/monsterblog\/dynamics-tv-startet-2010-2011\/","title":{"rendered":"Dynamics-TV startet 2010\/11"},"content":{"rendered":"            \n\t\t<div class=\"ngg-gallery-singlepic-image ngg-left\" style=\"\">\n\t\t\t    \t<a href=\"https:\/\/www.dynamics-suhl.de\/monsterblog\/wp-content\/gallery\/diverse\/dynamics_tv.jpg\"\n\t\t     title=\"\"\n             data-src=\"https:\/\/www.dynamics-suhl.de\/monsterblog\/wp-content\/gallery\/diverse\/dynamics_tv.jpg\"\n             data-thumbnail=\"https:\/\/www.dynamics-suhl.de\/monsterblog\/wp-content\/gallery\/diverse\/thumbs\/thumbs_dynamics_tv.jpg\"\n             data-image-id=\"7349\"\n             data-title=\"dynamics_tv\"\n             data-description=\"\"\n             target='_self'\n             class=\"ngg-fancybox\" rel=\"06d460ea9ac64f436e258841030a9c24\">\n            <img class=\"ngg-singlepic\"\n             src=\"https:\/\/www.dynamics-suhl.de\/monsterblog\/wp-content\/gallery\/diverse\/cache\/dynamics_tv.jpg-nggid047349-ngg0dyn-0x0x100-00f0w010c010r110f110r010t010.jpg\"\n             alt=\"dynamics_tv\"\n             title=\"dynamics_tv\"\n                           \/>\n    \t<\/a>\n\t\t      <\/div>\n        \n<p>Mehr Volleyball im TV? Zumindest auf lokaler Ebene wird hier in Suhl ab der kommenden Saison ein weiterer Schritt nach vorn gemacht.<br \/>\n\u00c4hnlich wie beim regionalen Sender in Vilsbiburg, wird es in der Spielzeit 2010\/11 auch abseits von spobox.tv die ein oder andere Partie im Netz zu sehen geben. Mit der Unterst\u00fctzung von Rennsteig.TV wird es dann nach den ersten Planungen unter dem Format &#8222;dynamics.tv&#8220; Live\u00fcbertragungen und ein monatliches Volleyball-Magazin mit Interviews, Spielberichten und Nachrichten rund um den VfB geben. Geplant ist auch eine Art Experten-Rubrik namens &#8222;Coaches Corner&#8220;, f\u00fcr die wir einen bekannten ehemaligen VfB-Coach gewinnen konnten. Weiterhin wurden unsererseits bereits erste Kontakte gekn\u00fcpft, um auf lange Sicht ein \u00fcberregionales Netzwerk f\u00fcr Volleyball-Berichte aufbauen zu k\u00f6nnen. Wenn alles spruchreif ist, wird es nat\u00fcrlich die erste dynamische Pressekonferenz dazu geben. Selbstverst\u00e4ndlich live und in Farbe. <\/p>\n<p>[ratings]<\/p>\n","protected":false},"excerpt":{"rendered":"<p>Mehr Volleyball im TV? Zumindest auf lokaler Ebene wird hier in Suhl ab der kommenden Saison ein weiterer Schritt nach vorn gemacht. \u00c4hnlich wie beim regionalen Sender in Vilsbiburg, wird es in der Spielzeit 2010\/11 auch abseits von spobox.tv die ein oder andere Partie im Netz zu sehen geben. Mit der Unterst\u00fctzung von Rennsteig.TV wird [&hellip;]<\/p>\n","protected":false},"author":1,"featured_media":0,"comment_status":"open","ping_status":"closed","sticky":false,"template":"","format":"standard","meta":{"ngg_post_thumbnail":0},"categories":[3,5],"tags":[159,178],"_links":{"self":[{"href":"https:\/\/www.dynamics-suhl.de\/monsterblog\/wp-json\/wp\/v2\/posts\/3751"}],"collection":[{"href":"https:\/\/www.dynamics-suhl.de\/monsterblog\/wp-json\/wp\/v2\/posts"}],"about":[{"href":"https:\/\/www.dynamics-suhl.de\/monsterblog\/wp-json\/wp\/v2\/types\/post"}],"author":[{"embeddable":true,"href":"https:\/\/www.dynamics-suhl.de\/monsterblog\/wp-json\/wp\/v2\/users\/1"}],"replies":[{"embeddable":true,"href":"https:\/\/www.dynamics-suhl.de\/monsterblog\/wp-json\/wp\/v2\/comments?post=3751"}],"version-history":[{"count":0,"href":"https:\/\/www.dynamics-suhl.de\/monsterblog\/wp-json\/wp\/v2\/posts\/3751\/revisions"}],"wp:attachment":[{"href":"https:\/\/www.dynamics-suhl.de\/monsterblog\/wp-json\/wp\/v2\/media?parent=3751"}],"wp:term":[{"taxonomy":"category","embeddable":true,"href":"https:\/\/www.dynamics-suhl.de\/monsterblog\/wp-json\/wp\/v2\/categories?post=3751"},{"taxonomy":"post_tag","embeddable":true,"href":"https:\/\/www.dynamics-suhl.de\/monsterblog\/wp-json\/wp\/v2\/tags?post=3751"}],"curies":[{"name":"wp","href":"https:\/\/api.w.org\/{rel}","templated":true}]}}