{"id":3932,"date":"2010-04-22T19:18:34","date_gmt":"2010-04-22T17:18:34","guid":{"rendered":"http:\/\/www.dynamics-suhl.de\/monsterblog\/?p=3932"},"modified":"2010-04-22T20:19:59","modified_gmt":"2010-04-22T18:19:59","slug":"grit-sagt-ade","status":"publish","type":"post","link":"https:\/\/www.dynamics-suhl.de\/monsterblog\/grit-sagt-ade\/","title":{"rendered":"Grit sagt Ad\u00e9"},"content":{"rendered":"            \n\t\t<div class=\"ngg-gallery-singlepic-image ngg-right\" style=\"max-width: 195px\">\n\t\t\t    \t<a href=\"https:\/\/www.dynamics-suhl.de\/monsterblog\/wp-content\/gallery\/2009-12-12_vfb_vs_ats_pokal\/20091212_0012.jpg\"\n\t\t     title=\"\"\n             data-src=\"https:\/\/www.dynamics-suhl.de\/monsterblog\/wp-content\/gallery\/2009-12-12_vfb_vs_ats_pokal\/20091212_0012.jpg\"\n             data-thumbnail=\"https:\/\/www.dynamics-suhl.de\/monsterblog\/wp-content\/gallery\/2009-12-12_vfb_vs_ats_pokal\/thumbs\/thumbs_20091212_0012.jpg\"\n             data-image-id=\"6371\"\n             data-title=\"20091212_0012\"\n             data-description=\"\"\n             target='_self'\n             class=\"ngg-fancybox\" rel=\"8518518ba1262f52d0be73e1d3e2e13f\">\n            <img class=\"ngg-singlepic\"\n             src=\"https:\/\/www.dynamics-suhl.de\/monsterblog\/wp-content\/gallery\/2009-12-12_vfb_vs_ats_pokal\/cache\/20091212_0012.jpg-nggid046371-ngg0dyn-195x0x100-00f0w010c010r110f110r010t010.jpg\"\n             alt=\"20091212_0012\"\n             title=\"20091212_0012\"\n              width=\"195\"               \/>\n    \t<\/a>\n\t\t      <\/div>\n        \n<p>Nach drei Jahren in Diensten des VfB gab Grit Lehmann heute auf ihrer <a href=\"http:\/\/www.wix.com\/gritlehmann\/grit\" target=\"_blank\">Webseite<\/a> bekannt, dass sie f\u00fcr die kommenden zwei Spielzeiten einen Vertrag beim VC Kanti Schaffhausen unterschrieben hat. Der NLA-Club spielt n\u00e4chste Saison im internationalen Wettbewerb und z\u00e4hlt zu den Top-Vereinen in der Schweiz. Wir w\u00fcnschen Grit schon jetzt alles Gute und viel Erfolg und bedanken uns f\u00fcr ihr Engagement. Mit ihrer offenen und freundlichen Art hat sie auch abseits vom Spielfeld eine herausragende Rolle beim VfB gespielt und wird eine gro\u00dfe L\u00fccke hier in Suhl hinterlassen. Wir freuen uns auf die letzten gemeinsamen Spiele und sind uns sicher &#8211; der VfB wird n\u00e4chste Saison nicht mehr der selbe sein. <\/p>\n<p>Danke f\u00fcr die sch\u00f6ne Zeit und <q>Uf Wiederluege!<\/q><\/p>\n","protected":false},"excerpt":{"rendered":"<p>Nach drei Jahren in Diensten des VfB gab Grit Lehmann heute auf ihrer Webseite bekannt, dass sie f\u00fcr die kommenden zwei Spielzeiten einen Vertrag beim VC Kanti Schaffhausen unterschrieben hat. Der NLA-Club spielt n\u00e4chste Saison im internationalen Wettbewerb und z\u00e4hlt zu den Top-Vereinen in der Schweiz. Wir w\u00fcnschen Grit schon jetzt alles Gute und viel [&hellip;]<\/p>\n","protected":false},"author":1,"featured_media":0,"comment_status":"open","ping_status":"closed","sticky":false,"template":"","format":"standard","meta":{"ngg_post_thumbnail":0},"categories":[143,3],"tags":[63,151],"_links":{"self":[{"href":"https:\/\/www.dynamics-suhl.de\/monsterblog\/wp-json\/wp\/v2\/posts\/3932"}],"collection":[{"href":"https:\/\/www.dynamics-suhl.de\/monsterblog\/wp-json\/wp\/v2\/posts"}],"about":[{"href":"https:\/\/www.dynamics-suhl.de\/monsterblog\/wp-json\/wp\/v2\/types\/post"}],"author":[{"embeddable":true,"href":"https:\/\/www.dynamics-suhl.de\/monsterblog\/wp-json\/wp\/v2\/users\/1"}],"replies":[{"embeddable":true,"href":"https:\/\/www.dynamics-suhl.de\/monsterblog\/wp-json\/wp\/v2\/comments?post=3932"}],"version-history":[{"count":0,"href":"https:\/\/www.dynamics-suhl.de\/monsterblog\/wp-json\/wp\/v2\/posts\/3932\/revisions"}],"wp:attachment":[{"href":"https:\/\/www.dynamics-suhl.de\/monsterblog\/wp-json\/wp\/v2\/media?parent=3932"}],"wp:term":[{"taxonomy":"category","embeddable":true,"href":"https:\/\/www.dynamics-suhl.de\/monsterblog\/wp-json\/wp\/v2\/categories?post=3932"},{"taxonomy":"post_tag","embeddable":true,"href":"https:\/\/www.dynamics-suhl.de\/monsterblog\/wp-json\/wp\/v2\/tags?post=3932"}],"curies":[{"name":"wp","href":"https:\/\/api.w.org\/{rel}","templated":true}]}}