{"id":41,"date":"2007-01-24T20:00:00","date_gmt":"2007-01-24T18:00:00","guid":{"rendered":""},"modified":"2009-05-03T17:37:14","modified_gmt":"2009-05-03T15:37:14","slug":"erster-pressetaler-fur-die-dynamics","status":"publish","type":"post","link":"https:\/\/www.dynamics-suhl.de\/monsterblog\/erster-pressetaler-fur-die-dynamics\/","title":{"rendered":"Erster &#8222;Pressetaler&#8220; f\u00fcr die Dynamics&#8230;"},"content":{"rendered":"<p>&#8230;zwar wurde im FW-Artikel &#8222;Saisonstart der Volleyball-K\u00fcken&#8220; (Lokalsport, Ausgabe 24.01.07) nur unsere &#8222;noch zu gr\u00fcndende&#8220; Sektion &#8222;Hinternah&#8220; erw\u00e4hnt, aber immerhin! <img src=\"http:\/\/dynamics-suhl.de\/forum\/images\/smilies\/icon_wink.gif\" alt=\";)\" \/> Die gesammelten Ergebnisse vom Turnier der F-Jugend sind in unserer <a href=\"http:\/\/www.dynamics-suhl.de\/index.php?section=juniors\">Juniors-Sektion<\/a> zu finden. Au\u00dferdem k\u00f6nnt Ihr unser Interview mit Natasa Loncar an bekannter Stelle nachlesen. Viel Spa\u00df!<\/p>\n<p>Am kommenden Wochenende m\u00fcssen die &#8222;Gro\u00dfen&#8220; dann ausw\u00e4rts beim VCO Rhein-Neckar antreten. Sicherlich ist hier f\u00fcr unsere Damen ein Sieg Pflicht, optimal w\u00e4re nat\u00fcrlich ein &#8222;zu Null&#8220;. Wir dr\u00fccken auf jeden Fall die Daumen.<\/p>\n","protected":false},"excerpt":{"rendered":"<p>&#8230;zwar wurde im FW-Artikel &#8222;Saisonstart der Volleyball-K\u00fcken&#8220; (Lokalsport, Ausgabe 24.01.07) nur unsere &#8222;noch zu gr\u00fcndende&#8220; Sektion &#8222;Hinternah&#8220; erw\u00e4hnt, aber immerhin! Die gesammelten Ergebnisse vom Turnier der F-Jugend sind in unserer Juniors-Sektion zu finden. Au\u00dferdem k\u00f6nnt Ihr unser Interview mit Natasa Loncar an bekannter Stelle nachlesen. Viel Spa\u00df! Am kommenden Wochenende m\u00fcssen die &#8222;Gro\u00dfen&#8220; dann ausw\u00e4rts [&hellip;]<\/p>\n","protected":false},"author":1,"featured_media":0,"comment_status":"open","ping_status":"closed","sticky":false,"template":"","format":"standard","meta":{"ngg_post_thumbnail":0},"categories":[21],"tags":[293,44,46,186,33,47],"_links":{"self":[{"href":"https:\/\/www.dynamics-suhl.de\/monsterblog\/wp-json\/wp\/v2\/posts\/41"}],"collection":[{"href":"https:\/\/www.dynamics-suhl.de\/monsterblog\/wp-json\/wp\/v2\/posts"}],"about":[{"href":"https:\/\/www.dynamics-suhl.de\/monsterblog\/wp-json\/wp\/v2\/types\/post"}],"author":[{"embeddable":true,"href":"https:\/\/www.dynamics-suhl.de\/monsterblog\/wp-json\/wp\/v2\/users\/1"}],"replies":[{"embeddable":true,"href":"https:\/\/www.dynamics-suhl.de\/monsterblog\/wp-json\/wp\/v2\/comments?post=41"}],"version-history":[{"count":0,"href":"https:\/\/www.dynamics-suhl.de\/monsterblog\/wp-json\/wp\/v2\/posts\/41\/revisions"}],"wp:attachment":[{"href":"https:\/\/www.dynamics-suhl.de\/monsterblog\/wp-json\/wp\/v2\/media?parent=41"}],"wp:term":[{"taxonomy":"category","embeddable":true,"href":"https:\/\/www.dynamics-suhl.de\/monsterblog\/wp-json\/wp\/v2\/categories?post=41"},{"taxonomy":"post_tag","embeddable":true,"href":"https:\/\/www.dynamics-suhl.de\/monsterblog\/wp-json\/wp\/v2\/tags?post=41"}],"curies":[{"name":"wp","href":"https:\/\/api.w.org\/{rel}","templated":true}]}}