{"id":4146,"date":"2010-07-26T22:03:03","date_gmt":"2010-07-26T20:03:03","guid":{"rendered":"http:\/\/www.dynamics-suhl.de\/monsterblog\/?p=4146"},"modified":"2010-07-27T11:16:11","modified_gmt":"2010-07-27T09:16:11","slug":"sommerloch-und-sonnenbrand","status":"publish","type":"post","link":"https:\/\/www.dynamics-suhl.de\/monsterblog\/sommerloch-und-sonnenbrand\/","title":{"rendered":"Sommerloch und Sonnenbrand"},"content":{"rendered":"            \n\t\t<div class=\"ngg-gallery-singlepic-image ngg-right\" style=\"max-width: 194px\">\n\t\t\t    \t<a href=\"https:\/\/www.dynamics-suhl.de\/monsterblog\/wp-content\/gallery\/2010-07-25_beachvolley_rudolstadt\/2672.jpg\"\n\t\t     title=\"\"\n             data-src=\"https:\/\/www.dynamics-suhl.de\/monsterblog\/wp-content\/gallery\/2010-07-25_beachvolley_rudolstadt\/2672.jpg\"\n             data-thumbnail=\"https:\/\/www.dynamics-suhl.de\/monsterblog\/wp-content\/gallery\/2010-07-25_beachvolley_rudolstadt\/thumbs\/thumbs_2672.jpg\"\n             data-image-id=\"7679\"\n             data-title=\"2672\"\n             data-description=\"\"\n             target='_self'\n             class=\"ngg-fancybox\" rel=\"f4e6d65051136f10083a110f413654d4\">\n            <img class=\"ngg-singlepic\"\n             src=\"https:\/\/www.dynamics-suhl.de\/monsterblog\/wp-content\/gallery\/2010-07-25_beachvolley_rudolstadt\/cache\/2672.jpg-nggid047679-ngg0dyn-194x0x100-00f0w010c010r110f110r010t010.jpg\"\n             alt=\"2672\"\n             title=\"2672\"\n              width=\"194\"               \/>\n    \t<\/a>\n\t\t      <\/div>\n        \n<p>Der Beginn der neuen Saison liegt immer noch ein gef\u00fchltes halbes Jahr weit in der Zukunft, und der Suhler Volleyball wurde mittlerweile beinahe vollst\u00e4ndig vom Sommerloch verschluckt. F\u00fcr die Dynamics also Grund genug, mal wieder den Fu\u00df etwas weiter vor die eigene Haust\u00fcre zu setzen. Zudem sind die Besuche bei den SAALEMAXX Open in Rudolstadt ja schon fast eine kleine Tradition, die es fortzusetzen gilt. Erfreulicherweise verhielt sich das Wetter am Sonntag ebenfalls traditionsbewusst, und die Sonne strahlte wie in den letzten beiden Jahren.<br \/>\n<!--more--><br \/>\nEine andere Tradition setzte sich bei den 9.SAALEMAXX Open \u00fcbrigens nicht fort. Zum ersten Mal konnte bei den M\u00e4nnern ein rein th\u00fcringisches Duo das Turnier gewinnen. Carsten Rieder und Stefan Stau\u00df vom Post SV Erfurt setzten sich im Finale klar mit 2:0 gegen Lars P\u00f6\u00dfel und Paul R\u00fcffer vom VC Gotha durch. Bei den Damen gab es ein internes Erfurter Duell: Caroline Kresse und Jana Illiger vom SWE Volley Team gewannen ebenfalls mit 2:0 gegen Susann Hesse und Ramona Nitschke vom Post SV Erfurt. <\/p>\n<p><q>Am Rande der Sandkiste<\/q> brachte der Ausflug neben einem kr\u00e4ftigen Sonnenbrand nat\u00fcrlich auch noch ein paar Bilder f\u00fcr die Daheimgebliebenen &#8211; zudem reichen wir auch noch einen kleinen Schwung Bilder von der Dynamischen Hauptversammlung vom vorangegangenen Wochenende nach. Inklusive einiger Schnappsch\u00fcsse vom mittlerweile traditionellen Lagerfeuer. <\/p>\n<div style=\"font: 9px Verdana; background-color: #ededed; padding: 3px 5px 3px 5px; margin: 3px 0px 5px 0px; border: 1px solid #DEDEDE;\"><strong><a id=\"multimedia\" class=\"anker_link\">Dynamics Multimedia:<\/a><\/strong> Fotos <a href=\"http:\/\/www.dynamics-suhl.de\/monsterblog\/nggallery\/page-23\/album-6\/gallery-153\">SAALEMAXX Open<\/a> und <a href=\"http:\/\/www.dynamics-suhl.de\/monsterblog\/nggallery\/page-23\/album-6\/gallery-152\">Dynamics Jahresversammlung<\/a><\/div>\n<p>Zu guter Letzt wollen wir an dieser Stelle ein paar Gl\u00fcckw\u00fcnsche loswerden: Wir gratulieren dem Projekt <a href=\"http:\/\/volleywood.de\/?p=2386\" target=\"_blank\"><q>VOLLEYWOOD.DE<\/q><\/a> zum seinem ersten Geburtstag, und wir w\u00fcnschen dem im besten Sinne volleyballverr\u00fcckten Kollegen Sascha Georgi weiterhin viel Erfolg mit seinem erstklassigen Volleyball-Portal. In Suhl gibt es trotz Sommerloch auch etwas zu feiern: VfB-Libero Suzana Cebic konnte am Wochenende mit der serbischen Nationalmannschaft die European League gewinnen.<span style=\"vertical-align:super;font:9px Arial\"><a href=\"http:\/\/www.vfbsuhl.de\/index.php?option=com_content&#038;view=article&#038;id=484&#038;catid=44%3Anews&#038;Itemid=28\" target=\"_blank\">&nbsp;[1]<\/a><\/span> Wir gratulieren herzlich und hoffen auf eine Fortsetzung der erfolgreichen Abwehrarbeit hier beim VfB! <\/p>\n<p>[ratings]<\/p>\n","protected":false},"excerpt":{"rendered":"<p>Der Beginn der neuen Saison liegt immer noch ein gef\u00fchltes halbes Jahr weit in der Zukunft, und der Suhler Volleyball wurde mittlerweile beinahe vollst\u00e4ndig vom Sommerloch verschluckt. F\u00fcr die Dynamics also Grund genug, mal wieder den Fu\u00df etwas weiter vor die eigene Haust\u00fcre zu setzen. Zudem sind die Besuche bei den SAALEMAXX Open in Rudolstadt [&hellip;]<\/p>\n","protected":false},"author":3,"featured_media":0,"comment_status":"open","ping_status":"closed","sticky":false,"template":"","format":"standard","meta":{"ngg_post_thumbnail":0},"categories":[17,5],"tags":[74,146,147,223],"_links":{"self":[{"href":"https:\/\/www.dynamics-suhl.de\/monsterblog\/wp-json\/wp\/v2\/posts\/4146"}],"collection":[{"href":"https:\/\/www.dynamics-suhl.de\/monsterblog\/wp-json\/wp\/v2\/posts"}],"about":[{"href":"https:\/\/www.dynamics-suhl.de\/monsterblog\/wp-json\/wp\/v2\/types\/post"}],"author":[{"embeddable":true,"href":"https:\/\/www.dynamics-suhl.de\/monsterblog\/wp-json\/wp\/v2\/users\/3"}],"replies":[{"embeddable":true,"href":"https:\/\/www.dynamics-suhl.de\/monsterblog\/wp-json\/wp\/v2\/comments?post=4146"}],"version-history":[{"count":0,"href":"https:\/\/www.dynamics-suhl.de\/monsterblog\/wp-json\/wp\/v2\/posts\/4146\/revisions"}],"wp:attachment":[{"href":"https:\/\/www.dynamics-suhl.de\/monsterblog\/wp-json\/wp\/v2\/media?parent=4146"}],"wp:term":[{"taxonomy":"category","embeddable":true,"href":"https:\/\/www.dynamics-suhl.de\/monsterblog\/wp-json\/wp\/v2\/categories?post=4146"},{"taxonomy":"post_tag","embeddable":true,"href":"https:\/\/www.dynamics-suhl.de\/monsterblog\/wp-json\/wp\/v2\/tags?post=4146"}],"curies":[{"name":"wp","href":"https:\/\/api.w.org\/{rel}","templated":true}]}}