{"id":461,"date":"2008-10-10T17:47:42","date_gmt":"2008-10-10T15:47:42","guid":{"rendered":"http:\/\/www.dynamics-suhl.de\/monsterblog\/?p=461"},"modified":"2008-10-10T23:09:58","modified_gmt":"2008-10-10T21:09:58","slug":"zwischenrufe-vom-balkon-4","status":"publish","type":"post","link":"https:\/\/www.dynamics-suhl.de\/monsterblog\/zwischenrufe-vom-balkon-4\/","title":{"rendered":"Zwischenrufe vom Balkon (4)"},"content":{"rendered":"            \n\t\t<div class=\"ngg-gallery-singlepic-image ngg-left\" style=\"\">\n\t\t\t    \t<a href=\"https:\/\/www.dynamics-suhl.de\/monsterblog\/wp-content\/gallery\/diverse\/kommentare_vom_balkon.png\"\n\t\t     title=\"\"\n             data-src=\"https:\/\/www.dynamics-suhl.de\/monsterblog\/wp-content\/gallery\/diverse\/kommentare_vom_balkon.png\"\n             data-thumbnail=\"https:\/\/www.dynamics-suhl.de\/monsterblog\/wp-content\/gallery\/diverse\/thumbs\/thumbs_kommentare_vom_balkon.png\"\n             data-image-id=\"3525\"\n             data-title=\"kommentare_vom_balkon.png\"\n             data-description=\"\"\n             target='_self'\n             class=\"ngg-fancybox\" rel=\"7ad3dfe69b4bc26c373a2d869594ba21\">\n            <img class=\"ngg-singlepic\"\n             src=\"https:\/\/www.dynamics-suhl.de\/monsterblog\/wp-content\/gallery\/diverse\/cache\/kommentare_vom_balkon.png-nggid043525-ngg0dyn-0x0x100-00f0w010c010r110f110r010t010.png\"\n             alt=\"kommentare_vom_balkon.png\"\n             title=\"kommentare_vom_balkon.png\"\n                           \/>\n    \t<\/a>\n\t\t      <\/div>\n        \n<p>Was f\u00fcr eine Steilvorlage &#8211; wie aus dem Bilderbuch. Da reitet doch Herr B. aus M. eine <a href=\"http:\/\/www.usc-muenster.de:8080\/showarticle.jsp?aid=1081\" target=\"_blank\">Attacke<\/a> gegen den VfB, wie sie selbst ein bekannter schw\u00e4bischer W\u00fcrstchenfabrikant nicht besser hinbekommen h\u00e4tte. Die armen Unabh\u00e4ngigen w\u00fcrden vom VfB schon seit Jahren b\u00f6swillig bei den Hallenzeiten benachteiligt und m\u00fcssten dieses Mal schon mitten in der Nacht aufstehen, um ihr Abschlusstraining abzuhalten. Schlie\u00dflich hat man ja zu Hause die sch\u00f6nste Halle von allen, und da bringt man es im reichen Suhl nicht zustande, eine Trainingshalle f\u00fcr die G\u00e4ste zu bauen? <strong>SKANDAL!<\/strong><\/p>\n            \n\t\t<div class=\"ngg-gallery-singlepic-image ngg-right\" style=\"max-width: 250px\">\n\t\t\t    \t<a href=\"https:\/\/www.dynamics-suhl.de\/monsterblog\/wp-content\/gallery\/cartoons\/halleneklat.jpg\"\n\t\t     title=\"Axel B. droht VfB mit Retourkutsche...\"\n             data-src=\"https:\/\/www.dynamics-suhl.de\/monsterblog\/wp-content\/gallery\/cartoons\/halleneklat.jpg\"\n             data-thumbnail=\"https:\/\/www.dynamics-suhl.de\/monsterblog\/wp-content\/gallery\/cartoons\/thumbs\/thumbs_halleneklat.jpg\"\n             data-image-id=\"3828\"\n             data-title=\"Axel B. droht VfB Suhl mit Retourkutsche...\"\n             data-description=\"Axel B. droht VfB mit Retourkutsche...\"\n             target='_self'\n             class=\"ngg-fancybox\" rel=\"b08414960fb1cc0af345f7cf1bf83337\">\n            <img class=\"ngg-singlepic\"\n             src=\"https:\/\/www.dynamics-suhl.de\/monsterblog\/wp-content\/gallery\/cartoons\/cache\/halleneklat.jpg-nggid043828-ngg0dyn-250x0x100-00f0w010c010r110f110r010t010.jpg\"\n             alt=\"Axel B. droht VfB Suhl mit Retourkutsche...\"\n             title=\"Axel B. droht VfB Suhl mit Retourkutsche...\"\n              width=\"250\"               \/>\n    \t<\/a>\n\t\t      <\/div>\n        \n<p>In Suhl gab es zu erst ein mal fragende Gesichter, gab es doch vor Jahren diverse Attacken gegen die (Zitat) <q>miefige Schulturnhalle<\/q>, und so sollte man doch meinen, dass man beim USC froh w\u00e4re, wenn man da so selten wie m\u00f6glich rein m\u00fcsste. Aber man gelobte im Th\u00fcringer Wald schnell Besserung, allein die Gastfreundschaft gebiete es, den werten G\u00e4sten das n\u00e4chste mal bessere Bedingungen zu pr\u00e4sentieren. Daher gelobte man in Suhl, sich ein Beispiel an der vorbildlichen Finanzpolitik der Westfalen zu nehmen, und bis zum n\u00e4chsten Aufeinandertreffen f\u00fcr eine bessere Hallensituation in der s\u00fcdth\u00fcringer Metropole zu sorgen, und hofft so, die angedrohte <q>Retourkutsche<\/q> abwenden zu k\u00f6nnen.<\/p>\n<p><!-- ff8080821a5ab93a011a720df3450114 --><\/p>\n","protected":false},"excerpt":{"rendered":"<p>Was f\u00fcr eine Steilvorlage &#8211; wie aus dem Bilderbuch. Da reitet doch Herr B. aus M. eine Attacke gegen den VfB, wie sie selbst ein bekannter schw\u00e4bischer W\u00fcrstchenfabrikant nicht besser hinbekommen h\u00e4tte. Die armen Unabh\u00e4ngigen w\u00fcrden vom VfB schon seit Jahren b\u00f6swillig bei den Hallenzeiten benachteiligt und m\u00fcssten dieses Mal schon mitten in der Nacht [&hellip;]<\/p>\n","protected":false},"author":3,"featured_media":0,"comment_status":"open","ping_status":"closed","sticky":false,"template":"","format":"standard","meta":{"ngg_post_thumbnail":0},"categories":[122],"tags":[107,84,289,156],"_links":{"self":[{"href":"https:\/\/www.dynamics-suhl.de\/monsterblog\/wp-json\/wp\/v2\/posts\/461"}],"collection":[{"href":"https:\/\/www.dynamics-suhl.de\/monsterblog\/wp-json\/wp\/v2\/posts"}],"about":[{"href":"https:\/\/www.dynamics-suhl.de\/monsterblog\/wp-json\/wp\/v2\/types\/post"}],"author":[{"embeddable":true,"href":"https:\/\/www.dynamics-suhl.de\/monsterblog\/wp-json\/wp\/v2\/users\/3"}],"replies":[{"embeddable":true,"href":"https:\/\/www.dynamics-suhl.de\/monsterblog\/wp-json\/wp\/v2\/comments?post=461"}],"version-history":[{"count":0,"href":"https:\/\/www.dynamics-suhl.de\/monsterblog\/wp-json\/wp\/v2\/posts\/461\/revisions"}],"wp:attachment":[{"href":"https:\/\/www.dynamics-suhl.de\/monsterblog\/wp-json\/wp\/v2\/media?parent=461"}],"wp:term":[{"taxonomy":"category","embeddable":true,"href":"https:\/\/www.dynamics-suhl.de\/monsterblog\/wp-json\/wp\/v2\/categories?post=461"},{"taxonomy":"post_tag","embeddable":true,"href":"https:\/\/www.dynamics-suhl.de\/monsterblog\/wp-json\/wp\/v2\/tags?post=461"}],"curies":[{"name":"wp","href":"https:\/\/api.w.org\/{rel}","templated":true}]}}