{"id":5178,"date":"2011-02-16T15:33:54","date_gmt":"2011-02-16T14:33:54","guid":{"rendered":"http:\/\/www.dynamics-suhl.de\/monsterblog\/?p=5178"},"modified":"2011-02-16T15:34:28","modified_gmt":"2011-02-16T14:34:28","slug":"schweriner-sc-vs-vfb-91-suhl-2","status":"publish","type":"post","link":"https:\/\/www.dynamics-suhl.de\/monsterblog\/schweriner-sc-vs-vfb-91-suhl-2\/","title":{"rendered":"Schweriner SC vs. VfB 91 Suhl"},"content":{"rendered":"            \n\t\t<div class=\"ngg-gallery-singlepic-image ngg-right\" style=\"max-width: 220px\">\n\t\t\t    \t<a href=\"https:\/\/www.dynamics-suhl.de\/monsterblog\/wp-content\/gallery\/kalender\/2011-02-16_ssc_vs_vfb.png\"\n\t\t     title=\"Schweriner SC vs. VfB 91 Suhl (16.02.2011)\"\n             data-src=\"https:\/\/www.dynamics-suhl.de\/monsterblog\/wp-content\/gallery\/kalender\/2011-02-16_ssc_vs_vfb.png\"\n             data-thumbnail=\"https:\/\/www.dynamics-suhl.de\/monsterblog\/wp-content\/gallery\/kalender\/thumbs\/thumbs_2011-02-16_ssc_vs_vfb.png\"\n             data-image-id=\"10211\"\n             data-title=\"Schweriner SC vs. VfB 91 Suhl (16.02.2011)\"\n             data-description=\"Schweriner SC vs. VfB 91 Suhl (16.02.2011)\"\n             target='_self'\n             class=\"ngg-fancybox\" rel=\"4cce96f53cbb40db03552e5648562e69\">\n            <img class=\"ngg-singlepic\"\n             src=\"https:\/\/www.dynamics-suhl.de\/monsterblog\/wp-content\/gallery\/kalender\/cache\/2011-02-16_ssc_vs_vfb.png-nggid0510211-ngg0dyn-220x0x100-00f0w010c010r110f110r010t010.png\"\n             alt=\"Schweriner SC vs. VfB 91 Suhl (16.02.2011)\"\n             title=\"Schweriner SC vs. VfB 91 Suhl (16.02.2011)\"\n              width=\"220\"               \/>\n    \t<\/a>\n\t\t      <\/div>\n        \n<p><strong>Links:<\/strong><\/p>\n<ul>\n<li><a href=\"http:\/\/www.dynamics-suhl.de\/index.php?section=stats&#038;table=versus2&#038;team1=9&#038;sql=1&#038;team2=4&#038;season1=1&#038;season2=13&#038;alle=1&#038;cP=1&#038;cL2=1&#038;cL1=1&#038;cO=1&#038;cD=1\">Statistiken<\/a><\/li>\n<li><a href=\"http:\/\/www.ssc-vb.de\/index.php\" target=\"_blank\">Webseite Schweriner SC<\/a><\/li>\n<li><img src=\"http:\/\/dynamics-suhl.de\/graphics\/icons\/facebook_act.png\" alt=\"FB:\" \/> <a href=\"http:\/\/www.facebook.com\/pages\/VfB-91-Suhl\/130342577024638\" target=\"_blank\">VfB<\/a> &#8211; <img src=\"http:\/\/dynamics-suhl.de\/graphics\/icons\/facebook_act.png\" alt=\"FB:\" \/> <a href=\"http:\/\/www.facebook.com\/SchwerinerSC\" target=\"_blank\">SSC<\/a><\/li>\n<li><a href=\"http:\/\/www.ssc-fanforum.de\/\" target=\"_blank\">Fanforum vom SSC<\/a><\/li>\n<li><a href=\"http:\/\/www.dvl-ticker.de\/\">DVL-Ticker<\/a><\/li>\n<\/ul>\n<p><strong>Nordw\u00e4rts<\/strong><\/p>\n<p>Auf der Landkarte wie auch in der Tabelle muss man die selbe <q>Richtung<\/q> einschlagen, will man von Suhl nach Schwerin kommen. Doch seit letztem Wochenende ist die Entfernung in der Tabelle etwas kleiner geworden. W\u00e4hrend der VfB im Spitzenspiel gegen Dresden punkten konnte, mussten sich die Schwerinerinnen in K\u00f6penick geschlagen geben. SSC-Coach Tore Alexandersen bekam am Samstag zwar nur mit M\u00fche genug einsatzf\u00e4hige Spielerinnen zusammen, dennoch war dies nach der Niederlage in Aachen mittlerweile die zweite faustdicke \u00dcberraschung, an welcher das Spitzenteam aus dem Norden in dieser Saison beteiligt war. In Suhl kennt man dieses Gef\u00fchl allerdings genau, denn u.a. auch wegen \u00fcberraschender Fehlschl\u00e4ge gegen Potsdam und Sinsheim hat man sich zuletzt erst wieder St\u00fcck f\u00fcr St\u00fcck an die Spitzengruppe heran arbeiten m\u00fcssen.<br \/>\n<!--more--><br \/>\nHeute k\u00f6nnte ein weiterer Schritt getan werden, um diese Position zu festigen, doch diese Aufgabe hat es in sich. Schwerin hat wieder alle Spielerinnen an Bord und wird darauf brennen, die Scharte vom Samstag auszuwetzen. Zudem konnte der VfB gegen Schwerin bisher nicht all zu oft etwas rei\u00dfen &#8211; in Meck-Pomm konnten unsere Ladies bisher ein einziges Mal gewinnen. Vor sechs Jahren. Doch mit Felix Koslowski steht jetzt ein Insider an der Suhler Seitenlinie, und mit dem neuen Selbstvertrauen und einer Leistung wie gegen den DSC d\u00fcrften seine Sch\u00fctzlinge mit denen seines Lehrmeisters durchaus mithalten k\u00f6nnen. Wir dr\u00fccken aus der Ferne die Daumen und werden am Liveticker mitfiebern. <strong>Auf geht&#8217;s, VfB!<\/strong> (SC)<\/p>\n<p>[ratings]<\/p>\n","protected":false},"excerpt":{"rendered":"<p>Links: Statistiken Webseite Schweriner SC VfB &#8211; SSC Fanforum vom SSC DVL-Ticker Nordw\u00e4rts Auf der Landkarte wie auch in der Tabelle muss man die selbe Richtung einschlagen, will man von Suhl nach Schwerin kommen. Doch seit letztem Wochenende ist die Entfernung in der Tabelle etwas kleiner geworden. W\u00e4hrend der VfB im Spitzenspiel gegen Dresden punkten [&hellip;]<\/p>\n","protected":false},"author":1,"featured_media":0,"comment_status":"open","ping_status":"closed","sticky":false,"template":"","format":"standard","meta":{"ngg_post_thumbnail":0},"categories":[19],"tags":[30,289],"_links":{"self":[{"href":"https:\/\/www.dynamics-suhl.de\/monsterblog\/wp-json\/wp\/v2\/posts\/5178"}],"collection":[{"href":"https:\/\/www.dynamics-suhl.de\/monsterblog\/wp-json\/wp\/v2\/posts"}],"about":[{"href":"https:\/\/www.dynamics-suhl.de\/monsterblog\/wp-json\/wp\/v2\/types\/post"}],"author":[{"embeddable":true,"href":"https:\/\/www.dynamics-suhl.de\/monsterblog\/wp-json\/wp\/v2\/users\/1"}],"replies":[{"embeddable":true,"href":"https:\/\/www.dynamics-suhl.de\/monsterblog\/wp-json\/wp\/v2\/comments?post=5178"}],"version-history":[{"count":0,"href":"https:\/\/www.dynamics-suhl.de\/monsterblog\/wp-json\/wp\/v2\/posts\/5178\/revisions"}],"wp:attachment":[{"href":"https:\/\/www.dynamics-suhl.de\/monsterblog\/wp-json\/wp\/v2\/media?parent=5178"}],"wp:term":[{"taxonomy":"category","embeddable":true,"href":"https:\/\/www.dynamics-suhl.de\/monsterblog\/wp-json\/wp\/v2\/categories?post=5178"},{"taxonomy":"post_tag","embeddable":true,"href":"https:\/\/www.dynamics-suhl.de\/monsterblog\/wp-json\/wp\/v2\/tags?post=5178"}],"curies":[{"name":"wp","href":"https:\/\/api.w.org\/{rel}","templated":true}]}}