{"id":5489,"date":"2011-03-26T15:57:19","date_gmt":"2011-03-26T14:57:19","guid":{"rendered":"http:\/\/www.dynamics-suhl.de\/monsterblog\/?p=5489"},"modified":"2011-03-27T00:56:48","modified_gmt":"2011-03-26T23:56:48","slug":"vfb-91-suhl-vs-koepenicker-sc-2","status":"publish","type":"post","link":"https:\/\/www.dynamics-suhl.de\/monsterblog\/vfb-91-suhl-vs-koepenicker-sc-2\/","title":{"rendered":"VfB 91 Suhl vs. K\u00f6penicker SC"},"content":{"rendered":"            \n\t\t<div class=\"ngg-gallery-singlepic-image ngg-right\" style=\"max-width: 220px\">\n\t\t\t    \t<a href=\"https:\/\/www.dynamics-suhl.de\/monsterblog\/wp-content\/gallery\/kalender\/2011-03-26_vfb_vs_ksc.png\"\n\t\t     title=\"VfB 91 Suhl vs. K\u00f6penicker SC (26.03.2011)\"\n             data-src=\"https:\/\/www.dynamics-suhl.de\/monsterblog\/wp-content\/gallery\/kalender\/2011-03-26_vfb_vs_ksc.png\"\n             data-thumbnail=\"https:\/\/www.dynamics-suhl.de\/monsterblog\/wp-content\/gallery\/kalender\/thumbs\/thumbs_2011-03-26_vfb_vs_ksc.png\"\n             data-image-id=\"11343\"\n             data-title=\"VfB 91 Suhl vs. K\u00f6penicker SC (26.03.2011)\"\n             data-description=\"VfB 91 Suhl vs. K\u00f6penicker SC (26.03.2011)\"\n             target='_self'\n             class=\"ngg-fancybox\" rel=\"e7fcf68bf59bf6757452847ea90d58a5\">\n            <img class=\"ngg-singlepic\"\n             src=\"https:\/\/www.dynamics-suhl.de\/monsterblog\/wp-content\/gallery\/kalender\/cache\/2011-03-26_vfb_vs_ksc.png-nggid0511343-ngg0dyn-220x0x100-00f0w010c010r110f110r010t010.png\"\n             alt=\"VfB 91 Suhl vs. K\u00f6penicker SC (26.03.2011)\"\n             title=\"VfB 91 Suhl vs. K\u00f6penicker SC (26.03.2011)\"\n              width=\"220\"               \/>\n    \t<\/a>\n\t\t      <\/div>\n        \n<p><strong>Links:<\/strong><\/p>\n<ul>\n<li><a href=\"http:\/\/www.dynamics-suhl.de\/index.php?section=stats&#038;table=versus2&#038;team1=9&#038;sql=1&#038;team2=1&#038;season1=1&#038;season2=13&#038;alle=1&#038;cP=1&#038;cL2=1&#038;cL1=1&#038;cO=1&#038;cD=1\">Statistiken<\/a><\/li>\n<li><a href=\"http:\/\/www.k-sc.de\/\" target=\"_blank\">Webseite KSC<\/a><\/li>\n<li><img src=\"http:\/\/dynamics-suhl.de\/graphics\/icons\/facebook_act.png\" alt=\"FB:\" \/> <a href=\"http:\/\/www.facebook.com\/pages\/VfB-91-Suhl\/130342577024638\" target=\"_blank\">VfB Suhl<\/a> &#8211; <img src=\"http:\/\/dynamics-suhl.de\/graphics\/icons\/facebook_act.png\" alt=\"FB:\" \/> <a href=\"http:\/\/www.facebook.com\/profile.php?id=1085705103\" target=\"_blank\">KSC<\/a><\/li>\n<li><a href=\"http:\/\/www.vfbsuhl.de\/index.php?option=com_content&#038;view=article&#038;id=756:punkten&#038;catid=56:v-blog&#038;Itemid=162\" target=\"_blank\">Olafs Blog<\/a><\/li>\n<li><a href=\"http:\/\/www.dynamics-suhl.de\/monsterblog\/?dl_id=78\" target=\"_blank\"><q>Am Rande der Bande<\/q><\/a><\/li>\n<\/ul>\n<p><strong>Zum Siegen verdammt<\/strong><\/p>\n<p>Die Voraussetzungen f\u00fcr eine spannende und umk\u00e4mpfte Partie k\u00f6nnten vor der Begegnung des heutigen Abends eigentlich nicht besser sein, denn im Grunde m\u00fcssen beide Teams unbedingt Punkten. Die Ausgangssituationen sind allerdings grundverschieden. W\u00e4hrend der VfB sich zuletzt durch zwei Niederlagen in eine ung\u00fcnstige Ausgangspostion im Kampf um den letzten Europapokal-Startplaz man\u00f6vriert hat, steht den G\u00e4sten aus K\u00f6penick nach f\u00fcnf sieglosen Partien das Wasser im Abstiegskampf buchst\u00e4blich bis zum Hals. <!--more--><\/p>\n<p>W\u00e4hrend dieser Saison wurden ja schon einige Trainer Opfer dieser umk\u00e4mpften Konstellation im Tabellenkeller, und auch in K\u00f6penick steht mit Gil Ferrer Cutino ein neuer Coach an der Seitenlinie, nachdem sein Vorg\u00e4nger zu Jahresbeginn den Stuhl r\u00e4umte. Kurz darauf konnten die KSC-Damen auch ein erstes Ausrufezeichen setzen, doch der Sieg gegen den Schweriner SC blieb in den letzten Wochen der einzige, w\u00e4hrend die Konkurrenten aus Erfurt und Potsdam zuletzt wieder ein paar Punkte addieren konnten. Dazu kommt auf K\u00f6penicker Seite momentan wohl auch noch die ein oder andere Verletzung erschwerend hinzu. Trotz allem ist der KSC mit Sicherheit kein Gegner, den der zur Zeit etwas verunsicherte VfB im Vorbeigehen besiegen k\u00f6nnte. Leider gibt es auch hier unsch\u00f6ne Neuigkeiten aus dem Lazarett &#8211; Lucija Cigic wird wegen einer Knieverletzung bis zum Saisonende ausfallen. Damit erh\u00f6ht sich weiter der Druck auf die zuletzt ohnehin nicht ganz sattelfeste Annahme, und auch bei der Killrate wird die Equipe von Coach Felix Koslowski zulegen m\u00fcssen, wenn heute das richtige Statement an die Konkurrenz und die eigenen Fans gegeben werden soll.  <\/p>\n<p>[ratings]<\/p>\n","protected":false},"excerpt":{"rendered":"<p>Links: Statistiken Webseite KSC VfB Suhl &#8211; KSC Olafs Blog Am Rande der Bande Zum Siegen verdammt Die Voraussetzungen f\u00fcr eine spannende und umk\u00e4mpfte Partie k\u00f6nnten vor der Begegnung des heutigen Abends eigentlich nicht besser sein, denn im Grunde m\u00fcssen beide Teams unbedingt Punkten. Die Ausgangssituationen sind allerdings grundverschieden. W\u00e4hrend der VfB sich zuletzt durch [&hellip;]<\/p>\n","protected":false},"author":3,"featured_media":0,"comment_status":"open","ping_status":"closed","sticky":false,"template":"","format":"standard","meta":{"ngg_post_thumbnail":0},"categories":[5,19],"tags":[39,289],"_links":{"self":[{"href":"https:\/\/www.dynamics-suhl.de\/monsterblog\/wp-json\/wp\/v2\/posts\/5489"}],"collection":[{"href":"https:\/\/www.dynamics-suhl.de\/monsterblog\/wp-json\/wp\/v2\/posts"}],"about":[{"href":"https:\/\/www.dynamics-suhl.de\/monsterblog\/wp-json\/wp\/v2\/types\/post"}],"author":[{"embeddable":true,"href":"https:\/\/www.dynamics-suhl.de\/monsterblog\/wp-json\/wp\/v2\/users\/3"}],"replies":[{"embeddable":true,"href":"https:\/\/www.dynamics-suhl.de\/monsterblog\/wp-json\/wp\/v2\/comments?post=5489"}],"version-history":[{"count":0,"href":"https:\/\/www.dynamics-suhl.de\/monsterblog\/wp-json\/wp\/v2\/posts\/5489\/revisions"}],"wp:attachment":[{"href":"https:\/\/www.dynamics-suhl.de\/monsterblog\/wp-json\/wp\/v2\/media?parent=5489"}],"wp:term":[{"taxonomy":"category","embeddable":true,"href":"https:\/\/www.dynamics-suhl.de\/monsterblog\/wp-json\/wp\/v2\/categories?post=5489"},{"taxonomy":"post_tag","embeddable":true,"href":"https:\/\/www.dynamics-suhl.de\/monsterblog\/wp-json\/wp\/v2\/tags?post=5489"}],"curies":[{"name":"wp","href":"https:\/\/api.w.org\/{rel}","templated":true}]}}