{"id":5720,"date":"2011-04-25T12:45:23","date_gmt":"2011-04-25T10:45:23","guid":{"rendered":"http:\/\/www.dynamics-suhl.de\/monsterblog\/?p=5720"},"modified":"2011-04-25T12:45:23","modified_gmt":"2011-04-25T10:45:23","slug":"beschaeftigter-als-der-osterhase","status":"publish","type":"post","link":"https:\/\/www.dynamics-suhl.de\/monsterblog\/beschaeftigter-als-der-osterhase\/","title":{"rendered":"Besch\u00e4ftigter als der Osterhase"},"content":{"rendered":"            \n\t\t<div class=\"ngg-gallery-singlepic-image ngg-left\" style=\"max-width: 194px\">\n\t\t\t    \t<a href=\"https:\/\/www.dynamics-suhl.de\/monsterblog\/wp-content\/gallery\/2011-04-21_aac_vs_vfb\/a070.jpg\"\n\t\t     title=\"\"\n             data-src=\"https:\/\/www.dynamics-suhl.de\/monsterblog\/wp-content\/gallery\/2011-04-21_aac_vs_vfb\/a070.jpg\"\n             data-thumbnail=\"https:\/\/www.dynamics-suhl.de\/monsterblog\/wp-content\/gallery\/2011-04-21_aac_vs_vfb\/thumbs\/thumbs_a070.jpg\"\n             data-image-id=\"12121\"\n             data-title=\"a070\"\n             data-description=\"\"\n             target='_self'\n             class=\"ngg-fancybox\" rel=\"fe5c24ee9bc6bc471c75fd7a73f4d346\">\n            <img class=\"ngg-singlepic\"\n             src=\"https:\/\/www.dynamics-suhl.de\/monsterblog\/wp-content\/gallery\/2011-04-21_aac_vs_vfb\/cache\/a070.jpg-nggid0512121-ngg0dyn-194x0x100-00f0w010c010r110f110r010t010.jpg\"\n             alt=\"a070\"\n             title=\"a070\"\n              width=\"194\"               \/>\n    \t<\/a>\n\t\t      <\/div>\n        \n<p>Das gilt dieses Jahr sowohl f\u00fcr unsere Volleyballerinnen, als auch f\u00fcr den Fanclub selbst. Nach dem Aachen-Trip vom Gr\u00fcndonnerstag steht heute nun also das Ostermontags-Spiel gegen das Allg\u00e4u-Team aus Sonthofen auf dem Programm. Da unsere Mannschaft mit dem 3:1-Sieg in Aachen ihre Hausaufgaben hinsichtlich der Rallye um Platz 5 hervorragend erf\u00fcllt hat, ist auch das heutige Heimspiel gegen den designierten Absteiger aus dem Allg\u00e4u noch eine Partie, in welcher viel auf dem Spiel steht. Vor allem deshalb, weil im Anschlu\u00df die direkte Konkurrenz aus Wiesbaden und Stuttgart das Fernduell in der hessischen Landeshauptstadt fortsetzt. <!--more--><\/p>\n            \n\t\t<div class=\"ngg-gallery-singlepic-image ngg-right\" style=\"max-width: 220px\">\n\t\t\t    \t<a href=\"https:\/\/www.dynamics-suhl.de\/monsterblog\/wp-content\/gallery\/kalender\/2011-04-25_vfb_vs_ats.png\"\n\t\t     title=\"VfB 91 Suhl vs. Allg\u00e4u Team Sonthofen (25.04.2011)\"\n             data-src=\"https:\/\/www.dynamics-suhl.de\/monsterblog\/wp-content\/gallery\/kalender\/2011-04-25_vfb_vs_ats.png\"\n             data-thumbnail=\"https:\/\/www.dynamics-suhl.de\/monsterblog\/wp-content\/gallery\/kalender\/thumbs\/thumbs_2011-04-25_vfb_vs_ats.png\"\n             data-image-id=\"12123\"\n             data-title=\"VfB 91 Suhl vs. Allg\u00e4u Team Sonthofen (25.04.2011)\"\n             data-description=\"VfB 91 Suhl vs. Allg\u00e4u Team Sonthofen (25.04.2011)\"\n             target='_self'\n             class=\"ngg-fancybox\" rel=\"bf927eb170715f2069ed0827eb9b8a82\">\n            <img class=\"ngg-singlepic\"\n             src=\"https:\/\/www.dynamics-suhl.de\/monsterblog\/wp-content\/gallery\/kalender\/cache\/2011-04-25_vfb_vs_ats.png-nggid0512123-ngg0dyn-220x0x100-00f0w010c010r110f110r010t010.png\"\n             alt=\"VfB 91 Suhl vs. Allg\u00e4u Team Sonthofen (25.04.2011)\"\n             title=\"VfB 91 Suhl vs. Allg\u00e4u Team Sonthofen (25.04.2011)\"\n              width=\"220\"               \/>\n    \t<\/a>\n\t\t      <\/div>\n        \n<p><strong>Links:<\/strong><\/p>\n<ul>\n<li><a href=\"http:\/\/www.dynamics-suhl.de\/index.php?section=stats&#038;table=versus2&#038;team1=9&#038;sql=1&#038;team2=13&#038;season1=1&#038;season2=13&#038;alle=1&#038;cP=1&#038;cS=1&#038;cL2=1&#038;cL1=1&#038;cO=1&#038;cD=1\">Statistiken<\/a><\/li>\n<li><a href=\"http:\/\/www.sonthofen-volleyball.de\/\" target=\"_blank\">Webseite Sonthofen<\/a><\/li>\n<li><img src=\"http:\/\/dynamics-suhl.de\/graphics\/icons\/facebook_act.png\" alt=\"FB:\" \/> <a href=\"http:\/\/www.facebook.com\/VfB.Suhl\" target=\"_blank\">VfB Suhl<\/a> &#8211; <img src=\"http:\/\/dynamics-suhl.de\/graphics\/icons\/facebook_act.png\" alt=\"FB:\" \/> <a href=\"http:\/\/www.facebook.com\/pages\/Allg%C3%A4u-Team-Sonthofen\/160589283110\" target=\"_blank\">AT Sonthofen<\/a><\/li>\n<li><a href=\"http:\/\/www.dvl-ticker.de\" target=\"_blank\">Live-Ticker<\/a> (DVL)<\/li>\n<li><a href=\"http:\/\/www.vfbsuhl.de\/index.php?option=com_content&#038;view=article&#038;id=789:das-fuenkchen-hoffnung-&#038;catid=56:v-blog&#038;Itemid=162\" target=\"_blank\">Olafs Blog<\/a> (vfbsuhl.de)<\/li>\n<\/ul>\n<p>Ob via A3 oder A45 &#8211; die jeweils f\u00fcnf Stunden Autofahrt waren am Gr\u00fcndonnerstag eine lohnende Investition, denn der dynamische Ausflug in die Kaiserstadt Aachen war nicht nur wegen des Kaiserwetters eine rundum gelungene Sache. Ein sehr gastfreundlicher Empfang vor, erstklassige und faire Atmosph\u00e4re w\u00e4hrend und nette Gespr\u00e4che nach dem Spiel rundeten den Besuch im <q>Hexenkessel<\/q> an der Neuk\u00f6llner Stra\u00dfe zus\u00e4tzlich ab. Die Empfehlung an die <q>Daheimgebliebenen<\/q> kann von daher nur lauten: N\u00e4chste Saison unbedingt mitkommen!<\/p>\n<div style=\"font: 9px Verdana; background-color: #ededed; padding: 3px 5px 3px 5px; margin: 3px 0px 5px 0px; border: 1px solid #DEDEDE;\"><strong><a id=\"multimedia\" class=\"anker_link\">Dynamics Multimedia:<\/a><\/strong> <a href=\"http:\/\/www.dynamics-suhl.de\/monsterblog\/nggallery\/page-4256\/album-19\/gallery-213\" target=\"_blank\">Fotos<\/a> und Clips (<a href=\"http:\/\/www.youtube.com\/watch?v=dLZnU7x86Wg\" target=\"_blank\">VfB-Cam<\/a>\/<a href=\"http:\/\/www.youtube.com\/watch?v=kGIBpq3XGfY\" target=\"_blank\">AAC-Cam<\/a>) zum Spiel in Aachen&#8230;<\/div>\n<p><\/p>\n            \n\t\t<div class=\"ngg-gallery-singlepic-image ngg-right\" style=\"max-width: 194px\">\n\t\t\t    \t<a href=\"https:\/\/www.dynamics-suhl.de\/monsterblog\/wp-content\/gallery\/2010-12-30_ats_vs_vfb_pokalhalbfinale\/20101230_0301.jpg\"\n\t\t     title=\"\"\n             data-src=\"https:\/\/www.dynamics-suhl.de\/monsterblog\/wp-content\/gallery\/2010-12-30_ats_vs_vfb_pokalhalbfinale\/20101230_0301.jpg\"\n             data-thumbnail=\"https:\/\/www.dynamics-suhl.de\/monsterblog\/wp-content\/gallery\/2010-12-30_ats_vs_vfb_pokalhalbfinale\/thumbs\/thumbs_20101230_0301.jpg\"\n             data-image-id=\"9607\"\n             data-title=\"20101230_0301\"\n             data-description=\"\"\n             target='_self'\n             class=\"ngg-fancybox\" rel=\"c4835962d68a8bc4c6ddb9ccfe34e9d6\">\n            <img class=\"ngg-singlepic\"\n             src=\"https:\/\/www.dynamics-suhl.de\/monsterblog\/wp-content\/gallery\/2010-12-30_ats_vs_vfb_pokalhalbfinale\/cache\/20101230_0301.jpg-nggid049607-ngg0dyn-194x0x100-00f0w010c010r110f110r010t010.jpg\"\n             alt=\"20101230_0301\"\n             title=\"20101230_0301\"\n              width=\"194\"               \/>\n    \t<\/a>\n\t\t      <\/div>\n        \n<p>Zum heutigen Spiel in die Wolfsgrube ist der Weg nicht ganz so weit, und auch das sch\u00f6ne Wetter darf heute keine Ausrede sein. Davon gab es die letzten Tage ja eh genug. Unsere G\u00e4ste aus Sonthofen kommen mit dem Selbstvertrauen aus Siegen gegen Wiesbaden und K\u00f6penick nach Suhl, und wollen sicher noch ein letztes Mal versuchen, den VfB in einem Erstligaspiel zu bezwingen. Beim Hinspiel w\u00e4re es ja beinahe so weit gewesen, und auch die Pokalpartie konnten die Damen um Kapit\u00e4n Lina Meyer eine Zeit lang recht offen gestalten. Unser Team ist also sicherlich gewarnt und w\u00e4re auch gut beraten, direkt an die Leistung von Aachen anzukn\u00fcpfen. Auf geht&#8217;s, VfB!<\/p>\n<p>[ratings]<\/p>\n","protected":false},"excerpt":{"rendered":"<p>Das gilt dieses Jahr sowohl f\u00fcr unsere Volleyballerinnen, als auch f\u00fcr den Fanclub selbst. Nach dem Aachen-Trip vom Gr\u00fcndonnerstag steht heute nun also das Ostermontags-Spiel gegen das Allg\u00e4u-Team aus Sonthofen auf dem Programm. Da unsere Mannschaft mit dem 3:1-Sieg in Aachen ihre Hausaufgaben hinsichtlich der Rallye um Platz 5 hervorragend erf\u00fcllt hat, ist auch das [&hellip;]<\/p>\n","protected":false},"author":3,"featured_media":0,"comment_status":"open","ping_status":"closed","sticky":false,"template":"","format":"standard","meta":{"ngg_post_thumbnail":0},"categories":[21,19,38],"tags":[162,177,289],"_links":{"self":[{"href":"https:\/\/www.dynamics-suhl.de\/monsterblog\/wp-json\/wp\/v2\/posts\/5720"}],"collection":[{"href":"https:\/\/www.dynamics-suhl.de\/monsterblog\/wp-json\/wp\/v2\/posts"}],"about":[{"href":"https:\/\/www.dynamics-suhl.de\/monsterblog\/wp-json\/wp\/v2\/types\/post"}],"author":[{"embeddable":true,"href":"https:\/\/www.dynamics-suhl.de\/monsterblog\/wp-json\/wp\/v2\/users\/3"}],"replies":[{"embeddable":true,"href":"https:\/\/www.dynamics-suhl.de\/monsterblog\/wp-json\/wp\/v2\/comments?post=5720"}],"version-history":[{"count":0,"href":"https:\/\/www.dynamics-suhl.de\/monsterblog\/wp-json\/wp\/v2\/posts\/5720\/revisions"}],"wp:attachment":[{"href":"https:\/\/www.dynamics-suhl.de\/monsterblog\/wp-json\/wp\/v2\/media?parent=5720"}],"wp:term":[{"taxonomy":"category","embeddable":true,"href":"https:\/\/www.dynamics-suhl.de\/monsterblog\/wp-json\/wp\/v2\/categories?post=5720"},{"taxonomy":"post_tag","embeddable":true,"href":"https:\/\/www.dynamics-suhl.de\/monsterblog\/wp-json\/wp\/v2\/tags?post=5720"}],"curies":[{"name":"wp","href":"https:\/\/api.w.org\/{rel}","templated":true}]}}