{"id":5922,"date":"2011-06-25T18:03:21","date_gmt":"2011-06-25T16:03:21","guid":{"rendered":"http:\/\/www.dynamics-suhl.de\/monsterblog\/?p=5922"},"modified":"2011-06-25T18:25:44","modified_gmt":"2011-06-25T16:25:44","slug":"der-berg-ruft","status":"publish","type":"post","link":"https:\/\/www.dynamics-suhl.de\/monsterblog\/der-berg-ruft\/","title":{"rendered":"Der Berg ruft!"},"content":{"rendered":"            \n\t\t<div class=\"ngg-gallery-singlepic-image ngg-left\" style=\"max-width: 193px\">\n\t\t\t    \t<a href=\"https:\/\/www.dynamics-suhl.de\/monsterblog\/wp-content\/gallery\/diverse\/abenteuer_europa.png\"\n\t\t     title=\"Abenteuer: Europa - CEV Challenge Cup 2011\/12\"\n             data-src=\"https:\/\/www.dynamics-suhl.de\/monsterblog\/wp-content\/gallery\/diverse\/abenteuer_europa.png\"\n             data-thumbnail=\"https:\/\/www.dynamics-suhl.de\/monsterblog\/wp-content\/gallery\/diverse\/thumbs\/thumbs_abenteuer_europa.png\"\n             data-image-id=\"13309\"\n             data-title=\"Abenteuer: Europa - CEV Challenge Cup 2011\/12\"\n             data-description=\"Abenteuer: Europa - CEV Challenge Cup 2011\/12\"\n             target='_self'\n             class=\"ngg-fancybox\" rel=\"f7ee6d437f094db3a5450d507ae75a90\">\n            <img class=\"ngg-singlepic\"\n             src=\"https:\/\/www.dynamics-suhl.de\/monsterblog\/wp-content\/gallery\/diverse\/cache\/abenteuer_europa.png-nggid0513309-ngg0dyn-193x0x100-00f0w010c010r110f110r010t010.png\"\n             alt=\"Abenteuer: Europa - CEV Challenge Cup 2011\/12\"\n             title=\"Abenteuer: Europa - CEV Challenge Cup 2011\/12\"\n              width=\"193\"               \/>\n    \t<\/a>\n\t\t      <\/div>\n        \n<p>Das Abenteuer <q>Europa<\/q> beginnt f\u00fcr den VfB Suhl quasi direkt vor der Haust\u00fcre. Nachdem die heutige Auslosung f\u00fcr den CEV-Challenge Cup 2012 f\u00fcr die 1.Runde das erwartete Freilos ergeben hatte, wurde dem VfB f\u00fcr die 2.Runde der VC Tirol<span style=\"vertical-align:super;font:9px Arial\"><a href=\"http:\/\/www.vc-tirol.at\" target=\"_blank\" title=\"offizielle Webseite des VC Tirol Innsbruck\">&nbsp;[1]<\/a><\/span> aus Innsbruck als Gegner zugelost. Die Damen aus dem Inntal haben in der abgelaufenen Saison der 1.Bundesliga \u00d6sterreichs den vierten Platz errungen und stehen damit wie der VfB vor ihrer ersten Teilnahme im europ\u00e4ischen Wettbewerb.<!--more--><\/p>\n<p>F\u00fcr unser Team sicherlich ein gutes Los, denn schlie\u00dflich h\u00e4tte man es bei der Europapokal-Premiere zumindest logistsich weitaus ung\u00fcnstiger treffen k\u00f6nnen: eine Reise ins sibirische Omsk zum Beispiel &#8211; diese k\u00e4me nun allerdings fr\u00fchestens im Halbfinale zustande. Da ist ein Trip nach Innsbruck mit knapp 500 km sogar etwas k\u00fcrzer als eine Ausw\u00e4rtsfahrt nach Schwerin. Gespielt wird Anfang Dezember (Kalenderwoche 48 und 49) jeweils unter der Woche, die genauen Spieltermine stehen jedoch noch nicht fest.<span style=\"vertical-align:super;font:9px Arial\"><a href=\"http:\/\/www.cev.lu\/mmp\/online\/website\/news\/news_online\/755\/1711\/file_277650\/cev_volleyball_challenge_cup.pdf\" target=\"_blank\" title=\"Auslosung CEV Challenge Cup 2012 (PDF)\">&nbsp;[2]<\/a><\/span> Allerdings winkt beim eventuellen Erreichen der n\u00e4chsten Runde ein wahrscheinlich etwas <q>exotischeres<\/q> Reiseziel. Dort w\u00fcrde der Sieger dann auf den Unterlegenen der CEV-Pokal Begegnung Asterix Kieldrecht (BEL) vs. Neve Shaanan Haifa (ISR) treffen. In dieser Partie d\u00fcrften die Europapokal-erfahrenen Belgierinnen (zuletzt u.a. Finalist im Challenge Cup 2010) die Favoritenrolle innehaben. <\/p>\n<p>[ratings]<\/p>\n","protected":false},"excerpt":{"rendered":"<p>Das Abenteuer Europa beginnt f\u00fcr den VfB Suhl quasi direkt vor der Haust\u00fcre. Nachdem die heutige Auslosung f\u00fcr den CEV-Challenge Cup 2012 f\u00fcr die 1.Runde das erwartete Freilos ergeben hatte, wurde dem VfB f\u00fcr die 2.Runde der VC Tirol&nbsp;[1] aus Innsbruck als Gegner zugelost. Die Damen aus dem Inntal haben in der abgelaufenen Saison der [&hellip;]<\/p>\n","protected":false},"author":3,"featured_media":0,"comment_status":"open","ping_status":"closed","sticky":false,"template":"","format":"standard","meta":{"ngg_post_thumbnail":0},"categories":[3],"tags":[243,244,289],"_links":{"self":[{"href":"https:\/\/www.dynamics-suhl.de\/monsterblog\/wp-json\/wp\/v2\/posts\/5922"}],"collection":[{"href":"https:\/\/www.dynamics-suhl.de\/monsterblog\/wp-json\/wp\/v2\/posts"}],"about":[{"href":"https:\/\/www.dynamics-suhl.de\/monsterblog\/wp-json\/wp\/v2\/types\/post"}],"author":[{"embeddable":true,"href":"https:\/\/www.dynamics-suhl.de\/monsterblog\/wp-json\/wp\/v2\/users\/3"}],"replies":[{"embeddable":true,"href":"https:\/\/www.dynamics-suhl.de\/monsterblog\/wp-json\/wp\/v2\/comments?post=5922"}],"version-history":[{"count":0,"href":"https:\/\/www.dynamics-suhl.de\/monsterblog\/wp-json\/wp\/v2\/posts\/5922\/revisions"}],"wp:attachment":[{"href":"https:\/\/www.dynamics-suhl.de\/monsterblog\/wp-json\/wp\/v2\/media?parent=5922"}],"wp:term":[{"taxonomy":"category","embeddable":true,"href":"https:\/\/www.dynamics-suhl.de\/monsterblog\/wp-json\/wp\/v2\/categories?post=5922"},{"taxonomy":"post_tag","embeddable":true,"href":"https:\/\/www.dynamics-suhl.de\/monsterblog\/wp-json\/wp\/v2\/tags?post=5922"}],"curies":[{"name":"wp","href":"https:\/\/api.w.org\/{rel}","templated":true}]}}