{"id":738,"date":"2008-11-24T23:39:41","date_gmt":"2008-11-24T22:39:41","guid":{"rendered":"http:\/\/www.dynamics-suhl.de\/monsterblog\/?p=738"},"modified":"2008-12-26T21:09:49","modified_gmt":"2008-12-26T20:09:49","slug":"interview-mit-charly-spies_ii","status":"publish","type":"post","link":"https:\/\/www.dynamics-suhl.de\/monsterblog\/interview-mit-charly-spies_ii\/","title":{"rendered":"Interview mit Charly Spie\u00df (2)"},"content":{"rendered":"<div style=\"background-color:#EDEDED;padding:3px 5px 3px 5px;margin:3px 0px 5px 0px;border:1px solid #DEDEDE\"><strong>Suhl \/ Potsdam, 24.11.2008:<\/strong> Sie war zwei Jahre beim VfB, spielte als Au\u00dfenangreiferin, fungierte als Co an der Seitenlinie und steckte sogar im Wolfskost\u00fcm. Zur Zeit spielt sie zusammen mit Sandra Landvoigt beim SC Potsdam in der 2.Liga &#8211; mit guten Chancen f\u00fcr eine R\u00fcckkehr ins Oberhaus des deutschen Volleyballs. Einen Gegner aus dem Oberhaus bekommt der SC Potsdam an diesem Wochenende auch im DVV-Pokal. Charly und Sandra d\u00fcrfen im Achtelfinale ihre Kr\u00e4fte mit dem Schweriner SC messen. Bevor sie sich dieser gro\u00dfen Aufgabe stellt, hat Charly uns am Montag noch ein paar Fragen beantwortet. (SC)<\/div>\n<p><\/p>\n            \n\t\t<div class=\"ngg-gallery-singlepic-image ngg-right\" style=\"max-width: 200px\">\n\t\t\t    \t<a href=\"https:\/\/www.dynamics-suhl.de\/monsterblog\/wp-content\/gallery\/interviews\/interview_13.jpg\"\n\t\t     title=\"Foto: Charly in der MargonArena (c) Bux\"\n             data-src=\"https:\/\/www.dynamics-suhl.de\/monsterblog\/wp-content\/gallery\/interviews\/interview_13.jpg\"\n             data-thumbnail=\"https:\/\/www.dynamics-suhl.de\/monsterblog\/wp-content\/gallery\/interviews\/thumbs\/thumbs_interview_13.jpg\"\n             data-image-id=\"3539\"\n             data-title=\"interview_13.jpg\"\n             data-description=\"Foto: Charly in der MargonArena (c) Bux\"\n             target='_self'\n             class=\"ngg-fancybox\" rel=\"ef2684864f6bb09233ff62380641684c\">\n            <img class=\"ngg-singlepic\"\n             src=\"https:\/\/www.dynamics-suhl.de\/monsterblog\/wp-content\/gallery\/interviews\/cache\/interview_13.jpg-nggid043539-ngg0dyn-200x0x100-00f0w010c010r110f110r010t010.jpg\"\n             alt=\"interview_13.jpg\"\n             title=\"interview_13.jpg\"\n              width=\"200\"               \/>\n    \t<\/a>\n\t\t      <\/div>\n        \n<p><em><strong>Dynamics:<\/strong> Eigentlich sollte die erste Frage ja lauten, wie es sich so anf\u00fchlt, als ungeschlagener Tabellenf\u00fchrer ins Achtelfinale gegen Schwerin zu gehen. Nun ist doch die erste Saisonniederlage (gegen Emlichheim) gekommen. Woran lag es denn?<\/em><br \/>\n<strong>Charly:<\/strong> Emlichheim ist eine sehr starke Mannschaft mit vielen guten, jungen Spielerinnen. Wir hatten das Problem, dass uns einige wichtige Spielerinnen fehlten. Wir m\u00fcssten unseren Libero ersetzen <em>(A.d.R: Anne Zimmer, ehemals SWE Volley Team)<\/em> und hatten nur eine Zuspielerin bei, die sich im letzten Satz dann auch noch verletzt hat. Das Spiel war aber bis zum Ende hin sehr knapp.<br \/>\nJetzt sind wir zwar nicht mehr ungeschlagen, aber immer noch Tabellenf\u00fchrer. \ud83d\ude42<\/p>\n<div style=\"background-color:#EDEDED;padding:3px 5px 3px 5px;margin:3px 0px 5px 0px;border:1px solid #DEDEDE\"><strong>Dynamics-LinkTipp:<\/strong> <a href=\"http:\/\/www.volleyball-sc-potsdam.de\" target=\"_blank\">Webseite SC Potsdam<\/a><\/div>\n<p><!--more--><\/p>\n<p><em><strong>Dynamics:<\/strong> Euer Saisonziel hei\u00dft ganz klar \u201cAufstieg\u201d. Wie sehr schmerzt da eine Niederlage gegen einen vermeintlich &#8222;leichten&#8220; Gegner?<\/em><br \/>\n<strong>Charly:<\/strong> Wie gesagt, ich denke Emlichheim ist eine wirklich gute Mannschaft, die zwar am Saisonanfang einige Probleme hatten, sich aber jetzt gefunden haben und noch viele Spiele gewinnen werden. Das war uns auch schon vornherein klar, wir w\u00fcrden auch niemals einen Gegner auf die leichte Schulter nehmen.<\/p>\n            \n\t\t<div class=\"ngg-gallery-singlepic-image ngg-left\" style=\"max-width: 200px\">\n\t\t\t    \t<a href=\"https:\/\/www.dynamics-suhl.de\/monsterblog\/wp-content\/gallery\/interviews\/interview_charly_II_01.jpg\"\n\t\t     title=\"\"\n             data-src=\"https:\/\/www.dynamics-suhl.de\/monsterblog\/wp-content\/gallery\/interviews\/interview_charly_II_01.jpg\"\n             data-thumbnail=\"https:\/\/www.dynamics-suhl.de\/monsterblog\/wp-content\/gallery\/interviews\/thumbs\/thumbs_interview_charly_II_01.jpg\"\n             data-image-id=\"3901\"\n             data-title=\"interview_charly_II_01.jpg\"\n             data-description=\"\"\n             target='_self'\n             class=\"ngg-fancybox\" rel=\"498d865872ceb0fa1a40af343e869159\">\n            <img class=\"ngg-singlepic\"\n             src=\"https:\/\/www.dynamics-suhl.de\/monsterblog\/wp-content\/gallery\/interviews\/cache\/interview_charly_II_01.jpg-nggid043901-ngg0dyn-200x0x100-00f0w010c010r110f110r010t010.jpg\"\n             alt=\"interview_charly_II_01.jpg\"\n             title=\"interview_charly_II_01.jpg\"\n              width=\"200\"               \/>\n    \t<\/a>\n\t\t      <\/div>\n        \n<p><em><strong>Dynamics:<\/strong> Am Samstag wartet im Pokal der Schweriner SC &#8211; sicherlich das Highlight der laufenden Saison. Mit welcher Erwartung geht ihr in das Match? An Motivation sollte es ja nicht mangeln, oder?<\/em><br \/>\n<strong>Charly:<\/strong> Wir freuen uns schon alle auf das Spiel. Wir haben letztes Jahr schon im Pokal gegen Schwerin gespielt, aber dieses Jahr ist es ja fast &#8217;ne neue Mannschaft. Das sch\u00f6ne an solchen Spielen ist doch, dass man nichts zu verlieren hat. Man kratzt immer noch ein, zwei B\u00e4lle mehr raus. F\u00fcr mich ist das Sch\u00f6ne daran zu sehen, wie man sich schon im Spiel steigert. Am Anfang wird man \u00fcberflogen, weil alles so schnell geht, ist ja doch ein anderes Niveau, aber man entwickelt sich sehr schnell weiter. Nirgendwo sonst kann man soviel Spielerfahrung sammeln. <\/p>\n<p><em><strong>Dynamics:<\/strong> Letztes Wochenende konntet ihr mit einem glatten 3:0 gegen Neustadt Glewe (einem Regionalligisten) ins Achtelfinale einziehen, auch wenn es anfangs noch holperte. Braucht man ein wenig Zeit, um sich an solch unbekannte Gegner zu gew\u00f6hnen, oder spielte auch der (alte) Ball eine gewisse Rolle &#8211; immerhin spielen ja nur die 1. und 2. BL mit dem neuen Ball.<\/em><br \/>\n<strong>Charly:<\/strong> Der Ball spielte keine Rolle, mit dem kommt man schnell wieder klar. Geht auch viel schneller als die Umgew\u00f6hnung an den neuen Ball. Ich spiele mit dem alten Ball auch viel lieber.<br \/>\nWir haben einfach unsere Zeit gebraucht ins Spiel zu finden. Au\u00dferdem haben wir am Samstag ein schweres 5-Satzspiel gegen Parchim gewinnen k\u00f6nnen.<\/p>\n<p><em><strong>Dynamics:<\/strong> Mit Sandra habt ihr euch eine sehr erfahrene Spielerin ins Team geholt, welche sicherlich nicht nur f\u00fcr den Block wichtig ist. Hilft sie euch mit der Erfahrung auch ein wenig die Nervosit\u00e4t abzulegen?<\/em><br \/>\n<strong>Charly:<\/strong> Mit Sandra ist immer was los. Das habt ihr ja bestimmt auch mitbekommen. Sie bringt immer Leben in die Bude und sie ist nat\u00fcrlich eine super Mittelblockerin.<\/p>\n            \n\t\t<div class=\"ngg-gallery-singlepic-image ngg-right\" style=\"max-width: 200px\">\n\t\t\t    \t<a href=\"https:\/\/www.dynamics-suhl.de\/monsterblog\/wp-content\/gallery\/interviews\/interview_charly_II_02.jpg\"\n\t\t     title=\"\"\n             data-src=\"https:\/\/www.dynamics-suhl.de\/monsterblog\/wp-content\/gallery\/interviews\/interview_charly_II_02.jpg\"\n             data-thumbnail=\"https:\/\/www.dynamics-suhl.de\/monsterblog\/wp-content\/gallery\/interviews\/thumbs\/thumbs_interview_charly_II_02.jpg\"\n             data-image-id=\"3902\"\n             data-title=\"interview_charly_II_02.jpg\"\n             data-description=\"\"\n             target='_self'\n             class=\"ngg-fancybox\" rel=\"c934d902b40f3b6cae92ef4a512d1684\">\n            <img class=\"ngg-singlepic\"\n             src=\"https:\/\/www.dynamics-suhl.de\/monsterblog\/wp-content\/gallery\/interviews\/cache\/interview_charly_II_02.jpg-nggid043902-ngg0dyn-200x0x100-00f0w010c010r110f110r010t010.jpg\"\n             alt=\"interview_charly_II_02.jpg\"\n             title=\"interview_charly_II_02.jpg\"\n              width=\"200\"               \/>\n    \t<\/a>\n\t\t      <\/div>\n        \n<p><em><strong>Dynamics:<\/strong>: Falls es am Samstag gegen Schwerin klappen w\u00fcrde und ihr ins Viertelfinale kommt &#8211; w\u00e4re der Wunschgegner Suhl?<\/em><br \/>\n<strong>Charly:<\/strong> F\u00fcr mich auf alle F\u00e4lle ja, ich w\u00fcrde sehr gerne mal wieder in die Wolfsgrube kommen, ihr macht immer so klasse Stimmung. Da kriegt man immer G\u00e4nsehaut, wenn man spielt. Aber soweit denken wir noch nicht. Sollten wir vielleicht auch nicht&#8230;<\/p>\n<p><em><strong>Dynamics:<\/strong> &#8222;Dank&#8220; deiner Schulterverletzung durften wir dich ja auch mal im Wolfspelz erleben. Wie geht es bei dir gesundheitlich voran und wie sehr vermisst du die qu\u00e4lenden Trainingseinheiten von Micha und Han?<\/em><br \/>\n<strong>Charly:<\/strong> Ich glaube, ich habe in der kurzen Zeit, die ich unter Han trainieren durfte, so viel gelernt wie nie zuvor. Wie sagt man so sch\u00f6n, wenn ich noch mal w\u00e4hlen d\u00fcrfte, ich w\u00fcrde es immer wieder machen. Deswegen \u00e4rgert mich das auch so extrem mit meiner Schulter. Sie wird zwar immer besser, aber es ist halt ein langer beschwerlicher Weg.<\/p>\n<p><em><strong>Dynamics:<\/strong> Dein Abi hast du in der Tasche. Nun hast du dein Studium begonnen. Wie sehen deine Zukunftspl\u00e4ne aus?<\/em><br \/>\n<strong>Charly:<\/strong> Ich studiere Wirtschaftsingenieur an der TU in Berlin, dass m\u00f6chte ich nat\u00fcrlich erst mal abschlie\u00dfen, dauert ja auch noch. Im sportlichem Bereich m\u00f6chte ich wieder in der ersten Bundesliga spielen, am liebsten mit Potsdam aufsteigen.<\/p>\n<p><em><strong>Dynamics:<\/strong> Wenn Du mal die Nase richtig voll hast vom Volleyball, Lernen und Hausarbeiten &#8211; wobei kannst du so richtig abschalten?<\/em><br \/>\n<strong>Charly:<\/strong> Klingt zwar komisch, aber am liebsten koche ich was um mich zu entspannen.<\/p>\n            \n\t\t<div class=\"ngg-gallery-singlepic-image ngg-left\" style=\"max-width: 200px\">\n\t\t\t    \t<a href=\"https:\/\/www.dynamics-suhl.de\/monsterblog\/wp-content\/gallery\/interviews\/interview_charly_II_03.jpg\"\n\t\t     title=\"\"\n             data-src=\"https:\/\/www.dynamics-suhl.de\/monsterblog\/wp-content\/gallery\/interviews\/interview_charly_II_03.jpg\"\n             data-thumbnail=\"https:\/\/www.dynamics-suhl.de\/monsterblog\/wp-content\/gallery\/interviews\/thumbs\/thumbs_interview_charly_II_03.jpg\"\n             data-image-id=\"3903\"\n             data-title=\"interview_charly_II_03.jpg\"\n             data-description=\"\"\n             target='_self'\n             class=\"ngg-fancybox\" rel=\"e5d4e290a3847b274b2934faa78c6d6e\">\n            <img class=\"ngg-singlepic\"\n             src=\"https:\/\/www.dynamics-suhl.de\/monsterblog\/wp-content\/gallery\/interviews\/cache\/interview_charly_II_03.jpg-nggid043903-ngg0dyn-200x0x100-00f0w010c010r110f110r010t010.jpg\"\n             alt=\"interview_charly_II_03.jpg\"\n             title=\"interview_charly_II_03.jpg\"\n              width=\"200\"               \/>\n    \t<\/a>\n\t\t      <\/div>\n        \n<p><em><strong>Dynamics:<\/strong> Hast du denn f\u00fcr die Suhler Fans einen Expertentipp, wie das Derby gegen den Dresdner SC ausgehen wird? Verfolgst Du die Partie vielleicht sogar auf DVL.TV?<\/em><br \/>\n<strong>Charly:<\/strong> Ich hoffe nat\u00fcrlich f\u00fcr den VfB Suhl. Ich werde euch auch die Daumen dr\u00fccken, hab aber leider um die Zeit Training und kann nicht live mitfiebern. Werde danach aber sicherlich ganz schnell nach Hause sprinten und meinen PC anmachen.<br \/>\nAlso viel Gl\u00fcck und fegt sie aus der Halle! \ud83d\ude09<\/p>\n<p>Das Interview f\u00fchrte Ralf Hoffmann <em>(BX)<\/em>.<\/p>\n","protected":false},"excerpt":{"rendered":"<p>Suhl \/ Potsdam, 24.11.2008: Sie war zwei Jahre beim VfB, spielte als Au\u00dfenangreiferin, fungierte als Co an der Seitenlinie und steckte sogar im Wolfskost\u00fcm. Zur Zeit spielt sie zusammen mit Sandra Landvoigt beim SC Potsdam in der 2.Liga &#8211; mit guten Chancen f\u00fcr eine R\u00fcckkehr ins Oberhaus des deutschen Volleyballs. Einen Gegner aus dem Oberhaus [&hellip;]<\/p>\n","protected":false},"author":2,"featured_media":0,"comment_status":"open","ping_status":"closed","sticky":false,"template":"","format":"standard","meta":{"ngg_post_thumbnail":0},"categories":[21,28],"tags":[111,7,31,167],"_links":{"self":[{"href":"https:\/\/www.dynamics-suhl.de\/monsterblog\/wp-json\/wp\/v2\/posts\/738"}],"collection":[{"href":"https:\/\/www.dynamics-suhl.de\/monsterblog\/wp-json\/wp\/v2\/posts"}],"about":[{"href":"https:\/\/www.dynamics-suhl.de\/monsterblog\/wp-json\/wp\/v2\/types\/post"}],"author":[{"embeddable":true,"href":"https:\/\/www.dynamics-suhl.de\/monsterblog\/wp-json\/wp\/v2\/users\/2"}],"replies":[{"embeddable":true,"href":"https:\/\/www.dynamics-suhl.de\/monsterblog\/wp-json\/wp\/v2\/comments?post=738"}],"version-history":[{"count":0,"href":"https:\/\/www.dynamics-suhl.de\/monsterblog\/wp-json\/wp\/v2\/posts\/738\/revisions"}],"wp:attachment":[{"href":"https:\/\/www.dynamics-suhl.de\/monsterblog\/wp-json\/wp\/v2\/media?parent=738"}],"wp:term":[{"taxonomy":"category","embeddable":true,"href":"https:\/\/www.dynamics-suhl.de\/monsterblog\/wp-json\/wp\/v2\/categories?post=738"},{"taxonomy":"post_tag","embeddable":true,"href":"https:\/\/www.dynamics-suhl.de\/monsterblog\/wp-json\/wp\/v2\/tags?post=738"}],"curies":[{"name":"wp","href":"https:\/\/api.w.org\/{rel}","templated":true}]}}