{"id":7964,"date":"2013-09-17T07:13:06","date_gmt":"2013-09-17T05:13:06","guid":{"rendered":"http:\/\/www.dynamics-suhl.de\/monsterblog\/?p=7964"},"modified":"2013-09-17T02:13:32","modified_gmt":"2013-09-17T00:13:32","slug":"nice-to-have","status":"publish","type":"post","link":"https:\/\/www.dynamics-suhl.de\/monsterblog\/nice-to-have\/","title":{"rendered":"Nice To Have"},"content":{"rendered":"<p>            \n\t\t<div class=\"ngg-gallery-singlepic-image ngg-left\" style=\"max-width: 194px\">\n\t\t\t    \t<a href=\"https:\/\/www.dynamics-suhl.de\/monsterblog\/wp-content\/gallery\/diverse_2013-14\/2013-09-13-7.jpg\"\n\t\t     title=\"\"\n             data-src=\"https:\/\/www.dynamics-suhl.de\/monsterblog\/wp-content\/gallery\/diverse_2013-14\/2013-09-13-7.jpg\"\n             data-thumbnail=\"https:\/\/www.dynamics-suhl.de\/monsterblog\/wp-content\/gallery\/diverse_2013-14\/thumbs\/thumbs_2013-09-13-7.jpg\"\n             data-image-id=\"19342\"\n             data-title=\"2013-09-13-7\"\n             data-description=\"\"\n             target='_self'\n             class=\"ngg-fancybox\" rel=\"b7236564a243c920b2325ad03be36dd2\">\n            <img class=\"ngg-singlepic\"\n             src=\"https:\/\/www.dynamics-suhl.de\/monsterblog\/wp-content\/gallery\/diverse_2013-14\/cache\/2013-09-13-7.jpg-nggid0519342-ngg0dyn-194x0x100-00f0w010c010r110f110r010t010.jpg\"\n             alt=\"2013-09-13-7\"\n             title=\"2013-09-13-7\"\n              width=\"194\"               \/>\n    \t<\/a>\n\t\t      <\/div>\n        Als Fan hat man es nicht immer leicht, aber meistens ist es der Spa\u00df, der bei den Ausw\u00e4rtsfahrten dominiert. (Sonst w\u00fcrden wir das sicher nicht so oft machen, oder?) Als &#8222;Teammanager&#8220; ist das f\u00fcr mich mittlerweile jedoch deutlich anders, aber selbst mit dem ganzen Drumherum (Fahrerei, Lehrg\u00e4nge bei der DVL, Tickets f\u00fcr Nachz\u00fcgler organisieren, wenig Schlaf, viel Kaffee und dem ein oder anderen Fototermin) war das EM-Wochenende in Berlin ein absolutes Highlight. Am Ende sprang f\u00fcr die Deutsche Nationalmannschaft zwar leider &#8222;nur&#8220; Silber heraus, aber traurig war mit etwas Abstand gesehen sicher kaum noch jemand. R\u00fcckblickend f\u00e4llt Gold daher vielleicht eher in die Kategorie &#8222;Nice To Have&#8220;, denn was Mannschaft und Organisatoren geleistet haben, d\u00fcrfte f\u00fcr den Volleyball in Deutschland wichtiger sein, als die Farbe der Medaille.<\/p>\n<p>Los ging es am Freitagmorgen in Suhl. W\u00e4hrend in der &#8222;dynamischen Hauptstadt&#8220; noch str\u00f6mender Regen vorherrschend war, hatten die cleveren Berliner bereits Kaiserwetter als Umrahmung f\u00fcr die Finalspiele organisiert. Doch vor den Spa\u00df hatten die Volleyball-G\u00f6tter noch die Schulbank gesetzt &#8211; kurz nach Vier war dann aber endlich Abmarsch Richtung Max-Schmeling-Halle. Dort war gef\u00fchlt jedes zweite Gesicht bekannt, etliche davon sogar aus Suhl. Zum einen nat\u00fcrlich Felix, Andi und Olaf &#8211; sozusagen im Dienste des Vaterlandes &#8211; zum anderen aber auch so illustre G\u00e4ste wie Hallensprecher Ulf, unsere unterfr\u00e4nkischen Dynamics Udo und Michael und beinahe die komplette Stadtrundenmannschaft der Sparkasse. Und sicher noch viele mehr, denn irgendwann verliert man den \u00dcberblick. Dazu kommt aber noch Jens, ein gewisser Volleyball-Verr\u00fcckter aus Benshausen, der an dem Wochenende f\u00fcr seine Lauferei eigentlich h\u00e4tte Kilometergeld bekommen m\u00fcssen, aber er war ja Volont\u00e4r&#8230;da gibt&#8217;s halt nix. Krass drauf, der Typ&#8230;aber im Sinne des Deutschen Volleyballs f\u00fcr diesen Einsatz beide Daumen hoch!<\/p>\n<p>            \n\t\t<div class=\"ngg-gallery-singlepic-image ngg-right\" style=\"max-width: 194px\">\n\t\t\t    \t<a href=\"https:\/\/www.dynamics-suhl.de\/monsterblog\/wp-content\/gallery\/diverse_2013-14\/2013-09-13_3.jpg\"\n\t\t     title=\"\"\n             data-src=\"https:\/\/www.dynamics-suhl.de\/monsterblog\/wp-content\/gallery\/diverse_2013-14\/2013-09-13_3.jpg\"\n             data-thumbnail=\"https:\/\/www.dynamics-suhl.de\/monsterblog\/wp-content\/gallery\/diverse_2013-14\/thumbs\/thumbs_2013-09-13_3.jpg\"\n             data-image-id=\"19344\"\n             data-title=\"2013-09-13_3\"\n             data-description=\"\"\n             target='_self'\n             class=\"ngg-fancybox\" rel=\"d03fd2a79c432c820f92287aaace8f64\">\n            <img class=\"ngg-singlepic\"\n             src=\"https:\/\/www.dynamics-suhl.de\/monsterblog\/wp-content\/gallery\/diverse_2013-14\/cache\/2013-09-13_3.jpg-nggid0519344-ngg0dyn-194x0x100-00f0w010c010r110f110r010t010.jpg\"\n             alt=\"2013-09-13_3\"\n             title=\"2013-09-13_3\"\n              width=\"194\"               \/>\n    \t<\/a>\n\t\t      <\/div>\n        Die beiden Halbfinalspiele haben die meisten Leser ja sicherlich gesehen, deswegen nur soviel zu der ph\u00e4nomenalen Partie gegen Belgien. Eigentlich hatte ich eine Karte f\u00fcr den Unterrang, aber im Oberrang waren schon aus der Ferne zwei schwarz-gelbe Kost\u00fcme zu erkennen. War ja klar, dass auch die Aachener bei sowas nicht fehlen d\u00fcrfen. Zum Duell Deutschland gegen Belgien gab es daher keinen Zweifel wo man sitzen musste&#8230; &#8222;Best seats in the house&#8220; &#8211; direkt neben den &#8222;schwazz-je\u00e4len&#8220; (ich hoffe das ist richtig buchstabiert) Trommeln. Die belgischen Fans haben mit einem halben Dutzend Bongo-Trommeln versucht dagegen zu halten, aber es gab ja noch ca. 7.500 andere, die f\u00fcr &#8217;schland ihre Klatschpappen maltraitiert haben, bis buchst\u00e4blich die Fetzen flogen. Es &#8222;schneite&#8220; also tierisch laut in der Max-Schmeling-Halle, aber irgendwie hab ich trotzdem meine Marschtrommel vermisst &#8230; und den Kollegen Adlerauge, der bei den ersten 5-7 &#8222;Videobeweisen&#8220; sicher wieder seine ber\u00fchmte Brieftasche gez\u00fcckt h\u00e4tte. \ud83d\ude09<br \/>\nAm Ende hatte Deutschland also aus einem 0:2 ein 3:2 gemacht, und es war dementsprechend wenig Tag \u00fcbrig um den dem Klatschpappenfeinstaub-Level \u00e4quivalent angestiegenen Durst zu stillen. <\/p>\n<p>            \n\t\t<div class=\"ngg-gallery-singlepic-image ngg-left\" style=\"max-width: 194px\">\n\t\t\t    \t<a href=\"https:\/\/www.dynamics-suhl.de\/monsterblog\/wp-content\/gallery\/diverse_2013-14\/2013-09-15.jpg\"\n\t\t     title=\"\"\n             data-src=\"https:\/\/www.dynamics-suhl.de\/monsterblog\/wp-content\/gallery\/diverse_2013-14\/2013-09-15.jpg\"\n             data-thumbnail=\"https:\/\/www.dynamics-suhl.de\/monsterblog\/wp-content\/gallery\/diverse_2013-14\/thumbs\/thumbs_2013-09-15.jpg\"\n             data-image-id=\"19343\"\n             data-title=\"2013-09-15\"\n             data-description=\"\"\n             target='_self'\n             class=\"ngg-fancybox\" rel=\"6e84a3067b5ca668698629e48410a270\">\n            <img class=\"ngg-singlepic\"\n             src=\"https:\/\/www.dynamics-suhl.de\/monsterblog\/wp-content\/gallery\/diverse_2013-14\/cache\/2013-09-15.jpg-nggid0519343-ngg0dyn-194x0x100-00f0w010c010r110f110r010t010.jpg\"\n             alt=\"2013-09-15\"\n             title=\"2013-09-15\"\n              width=\"194\"               \/>\n    \t<\/a>\n\t\t      <\/div>\n        N\u00e4chster Morgen, n\u00e4chster &#8222;Schultag&#8220; &#8211; und draussen wieder bestes Kaiserwetter. Nachmittags dann Finale, und dieses Mal hatte ich sogar noch bessere Karten &#8211; genauer gesagt &#8222;direkt&#8220; hinter dem Videobeweis (und all den anderen Tischen und St\u00fchlen und Banden). Also wieder rauf in den Oberrang, aber dort war sp\u00e4testens zum Finale kaum noch ein Platz frei. F\u00fcr&#8217;s Finale war also &#8222;Volle H\u00fctte&#8220; angesagt. Doch vorher durften Serbien und Belgien ran, letztere hatten dieses Mal nach 5 S\u00e4tzen das bessere Ende erwischt und so waren die Fankollegen in &#8222;schwarz-gelb-rot&#8220; schon in Feierlaune, w\u00e4hrend \u00fcber 8.000 f\u00fcr &#8222;schwarz-rot-gold&#8220; ihre Klatschpappen aufw\u00e4rmten. Es folgten: Super Stimmung, starkes Spiel, Ru\u00dfland zu stark, &#8222;Silber ist das neue Gold&#8220; &#8211; alles bekannt &#8211; und die Erkenntnis, dass die Landsberger Allee lang und \u00d6ffnungszeiten der Berliner Bars nicht unendlich sind. Da es aber doch noch mindestens eine gab, die noch ge\u00f6ffnet hatte, endete der Samstag um 4 Uhr am Sonntagmorgen. Da bleibt nach dem Ausschlafen bis 20 Minuten vor Check-out gerade mal Zeit f\u00fcr einen Besuch beim Burgermeister, 12 Tore beim Eishockey und die Heimfahrt. Sch\u00f6n war&#8217;s! <\/p>\n<p>[ratings]<\/p>\n","protected":false},"excerpt":{"rendered":"<p>Als Fan hat man es nicht immer leicht, aber meistens ist es der Spa\u00df, der bei den Ausw\u00e4rtsfahrten dominiert. (Sonst w\u00fcrden wir das sicher nicht so oft machen, oder?) Als &#8222;Teammanager&#8220; ist das f\u00fcr mich mittlerweile jedoch deutlich anders, aber selbst mit dem ganzen Drumherum (Fahrerei, Lehrg\u00e4nge bei der DVL, Tickets f\u00fcr Nachz\u00fcgler organisieren, wenig [&hellip;]<\/p>\n","protected":false},"author":3,"featured_media":0,"comment_status":"open","ping_status":"closed","sticky":false,"template":"","format":"standard","meta":{"ngg_post_thumbnail":0},"categories":[21,38],"tags":[129],"_links":{"self":[{"href":"https:\/\/www.dynamics-suhl.de\/monsterblog\/wp-json\/wp\/v2\/posts\/7964"}],"collection":[{"href":"https:\/\/www.dynamics-suhl.de\/monsterblog\/wp-json\/wp\/v2\/posts"}],"about":[{"href":"https:\/\/www.dynamics-suhl.de\/monsterblog\/wp-json\/wp\/v2\/types\/post"}],"author":[{"embeddable":true,"href":"https:\/\/www.dynamics-suhl.de\/monsterblog\/wp-json\/wp\/v2\/users\/3"}],"replies":[{"embeddable":true,"href":"https:\/\/www.dynamics-suhl.de\/monsterblog\/wp-json\/wp\/v2\/comments?post=7964"}],"version-history":[{"count":0,"href":"https:\/\/www.dynamics-suhl.de\/monsterblog\/wp-json\/wp\/v2\/posts\/7964\/revisions"}],"wp:attachment":[{"href":"https:\/\/www.dynamics-suhl.de\/monsterblog\/wp-json\/wp\/v2\/media?parent=7964"}],"wp:term":[{"taxonomy":"category","embeddable":true,"href":"https:\/\/www.dynamics-suhl.de\/monsterblog\/wp-json\/wp\/v2\/categories?post=7964"},{"taxonomy":"post_tag","embeddable":true,"href":"https:\/\/www.dynamics-suhl.de\/monsterblog\/wp-json\/wp\/v2\/tags?post=7964"}],"curies":[{"name":"wp","href":"https:\/\/api.w.org\/{rel}","templated":true}]}}