{"id":92,"date":"2008-04-14T14:52:15","date_gmt":"2008-04-14T13:52:15","guid":{"rendered":"http:\/\/www.dynamics-suhl.de\/monsterblog\/?p=92"},"modified":"2008-10-29T21:00:11","modified_gmt":"2008-10-29T19:00:11","slug":"let-us-play","status":"publish","type":"post","link":"https:\/\/www.dynamics-suhl.de\/monsterblog\/let-us-play\/","title":{"rendered":"Let us play!"},"content":{"rendered":"            \n\t\t<div class=\"ngg-gallery-singlepic-image ngg-right\" style=\"max-width: 200px\">\n\t\t\t    \t<a href=\"https:\/\/www.dynamics-suhl.de\/monsterblog\/wp-content\/gallery\/cartoons\/acosta_zoll.png\"\n\t\t     title=\"\"\n             data-src=\"https:\/\/www.dynamics-suhl.de\/monsterblog\/wp-content\/gallery\/cartoons\/acosta_zoll.png\"\n             data-thumbnail=\"https:\/\/www.dynamics-suhl.de\/monsterblog\/wp-content\/gallery\/cartoons\/thumbs\/thumbs_acosta_zoll.png\"\n             data-image-id=\"3513\"\n             data-title=\"acosta_zoll.png\"\n             data-description=\"\"\n             target='_self'\n             class=\"ngg-fancybox\" rel=\"d61f31f10783de5095dd053e2625917e\">\n            <img class=\"ngg-singlepic\"\n             src=\"https:\/\/www.dynamics-suhl.de\/monsterblog\/wp-content\/gallery\/cartoons\/cache\/acosta_zoll.png-nggid043513-ngg0dyn-200x0x100-00f0w010c010r110f110r010t010.png\"\n             alt=\"acosta_zoll.png\"\n             title=\"acosta_zoll.png\"\n              width=\"200\"               \/>\n    \t<\/a>\n\t\t      <\/div>\n        \n<p>Best\u00e4tigten Ger\u00fcchten zufolge  wird sich der VfB  91 Suhl heute an der Aktion &#8222;Let us play!&#8220; beteiligen, welche sich gegen die Pl\u00e4ne von FIVB-Pr\u00e4sidenten Rub\u00e9n Acosta richtet. (Wir <a href=\"http:\/\/www.dynamics-suhl.de\/monsterblog\/2008\/04\/10\/ruben-acostas-geniestreich\/\">berichteten<\/a>)<\/p>\n<p>Die Dynamics bleiben nat\u00fcrlich f\u00fcr euch am Ball und werden versuchen ein paar Stimmen zur Aktion einzusammeln.<br \/>\nHoffen wir, dass die Aktion nicht zu sehr vom anstehenden Spitzenspiel gegen den Titelverteidiger, Dresdner SC, ablenken, und die M\u00e4dels im Kampf um eine Medaille weiter konzentriert und vor allem engagiert zu Werke gehen!<\/p>\n","protected":false},"excerpt":{"rendered":"<p>Best\u00e4tigten Ger\u00fcchten zufolge wird sich der VfB 91 Suhl heute an der Aktion &#8222;Let us play!&#8220; beteiligen, welche sich gegen die Pl\u00e4ne von FIVB-Pr\u00e4sidenten Rub\u00e9n Acosta richtet. (Wir berichteten) Die Dynamics bleiben nat\u00fcrlich f\u00fcr euch am Ball und werden versuchen ein paar Stimmen zur Aktion einzusammeln. Hoffen wir, dass die Aktion nicht zu sehr vom [&hellip;]<\/p>\n","protected":false},"author":2,"featured_media":0,"comment_status":"open","ping_status":"closed","sticky":false,"template":"","format":"standard","meta":{"ngg_post_thumbnail":0},"categories":[21,17,34,3,5,19],"tags":[98,291,99,96,107,289],"_links":{"self":[{"href":"https:\/\/www.dynamics-suhl.de\/monsterblog\/wp-json\/wp\/v2\/posts\/92"}],"collection":[{"href":"https:\/\/www.dynamics-suhl.de\/monsterblog\/wp-json\/wp\/v2\/posts"}],"about":[{"href":"https:\/\/www.dynamics-suhl.de\/monsterblog\/wp-json\/wp\/v2\/types\/post"}],"author":[{"embeddable":true,"href":"https:\/\/www.dynamics-suhl.de\/monsterblog\/wp-json\/wp\/v2\/users\/2"}],"replies":[{"embeddable":true,"href":"https:\/\/www.dynamics-suhl.de\/monsterblog\/wp-json\/wp\/v2\/comments?post=92"}],"version-history":[{"count":0,"href":"https:\/\/www.dynamics-suhl.de\/monsterblog\/wp-json\/wp\/v2\/posts\/92\/revisions"}],"wp:attachment":[{"href":"https:\/\/www.dynamics-suhl.de\/monsterblog\/wp-json\/wp\/v2\/media?parent=92"}],"wp:term":[{"taxonomy":"category","embeddable":true,"href":"https:\/\/www.dynamics-suhl.de\/monsterblog\/wp-json\/wp\/v2\/categories?post=92"},{"taxonomy":"post_tag","embeddable":true,"href":"https:\/\/www.dynamics-suhl.de\/monsterblog\/wp-json\/wp\/v2\/tags?post=92"}],"curies":[{"name":"wp","href":"https:\/\/api.w.org\/{rel}","templated":true}]}}