{"id":931,"date":"2008-12-24T00:20:38","date_gmt":"2008-12-23T23:20:38","guid":{"rendered":"http:\/\/www.dynamics-suhl.de\/monsterblog\/?p=931"},"modified":"2008-12-24T00:21:52","modified_gmt":"2008-12-23T23:21:52","slug":"pisa-schock-im-rheinland","status":"publish","type":"post","link":"https:\/\/www.dynamics-suhl.de\/monsterblog\/pisa-schock-im-rheinland\/","title":{"rendered":"PISA-Schock im Rheinland"},"content":{"rendered":"            \n\t\t<div class=\"ngg-gallery-singlepic-image ngg-right\" style=\"max-width: 200px\">\n\t\t\t    \t<a href=\"https:\/\/www.dynamics-suhl.de\/monsterblog\/wp-content\/gallery\/diverse\/blamage_hoch_zehn.jpg\"\n\t\t     title=\"Geografie f\u00fcr Fortgeschrittene\"\n             data-src=\"https:\/\/www.dynamics-suhl.de\/monsterblog\/wp-content\/gallery\/diverse\/blamage_hoch_zehn.jpg\"\n             data-thumbnail=\"https:\/\/www.dynamics-suhl.de\/monsterblog\/wp-content\/gallery\/diverse\/thumbs\/thumbs_blamage_hoch_zehn.jpg\"\n             data-image-id=\"4330\"\n             data-title=\"Geografie f\u00fcr Fortgeschrittene\"\n             data-description=\"Geografie f\u00fcr Fortgeschrittene\"\n             target='_self'\n             class=\"ngg-fancybox\" rel=\"a40591b83629958c7e9921f69518c46b\">\n            <img class=\"ngg-singlepic\"\n             src=\"https:\/\/www.dynamics-suhl.de\/monsterblog\/wp-content\/gallery\/diverse\/cache\/blamage_hoch_zehn.jpg-nggid044330-ngg0dyn-200x0x100-00f0w010c010r110f110r010t010.jpg\"\n             alt=\"Geografie f\u00fcr Fortgeschrittene\"\n             title=\"Geografie f\u00fcr Fortgeschrittene\"\n              width=\"200\"               \/>\n    \t<\/a>\n\t\t      <\/div>\n        \n<p>Die Bildungsmisere greift immer weiter um sich. In einer neuen PISA-Studie der OECD wurden dieses Mal schwerpunktm\u00e4\u00dfig Schw\u00e4chen im Fachbereich Geografie aufgedeckt. Besonders erschreckend dabei: Sogar Journalisten schneiden hier unter dem Durchschnitt ab. So verlegte ein Leverkusener Teilnehmer in seinem <a href=\"http:\/\/step2web.at\/bayer04\/?action=readnews&#038;id=263\" target=\"_blank\">Testaufsatz<\/a> die th\u00fcringische Stadt Suhl in das Erzgebirge.<br \/>\nVom Bildungsministerium gibt es bislang noch keine Stellungnahme zu diesem Thema, aber aus gut informierten Kreisen war zu erfahren, dass offensichtlich ein weiterer Test geplant ist. Beim n\u00e4chsten Durchlauf soll wohl Korrekturlesern und Redakteuren auf den Zahn gef\u00fchlt werden.<\/p>\n","protected":false},"excerpt":{"rendered":"<p>Die Bildungsmisere greift immer weiter um sich. In einer neuen PISA-Studie der OECD wurden dieses Mal schwerpunktm\u00e4\u00dfig Schw\u00e4chen im Fachbereich Geografie aufgedeckt. Besonders erschreckend dabei: Sogar Journalisten schneiden hier unter dem Durchschnitt ab. So verlegte ein Leverkusener Teilnehmer in seinem Testaufsatz die th\u00fcringische Stadt Suhl in das Erzgebirge. Vom Bildungsministerium gibt es bislang noch keine [&hellip;]<\/p>\n","protected":false},"author":3,"featured_media":0,"comment_status":"open","ping_status":"closed","sticky":false,"template":"","format":"standard","meta":{"ngg_post_thumbnail":0},"categories":[105,122],"tags":[45,174],"_links":{"self":[{"href":"https:\/\/www.dynamics-suhl.de\/monsterblog\/wp-json\/wp\/v2\/posts\/931"}],"collection":[{"href":"https:\/\/www.dynamics-suhl.de\/monsterblog\/wp-json\/wp\/v2\/posts"}],"about":[{"href":"https:\/\/www.dynamics-suhl.de\/monsterblog\/wp-json\/wp\/v2\/types\/post"}],"author":[{"embeddable":true,"href":"https:\/\/www.dynamics-suhl.de\/monsterblog\/wp-json\/wp\/v2\/users\/3"}],"replies":[{"embeddable":true,"href":"https:\/\/www.dynamics-suhl.de\/monsterblog\/wp-json\/wp\/v2\/comments?post=931"}],"version-history":[{"count":0,"href":"https:\/\/www.dynamics-suhl.de\/monsterblog\/wp-json\/wp\/v2\/posts\/931\/revisions"}],"wp:attachment":[{"href":"https:\/\/www.dynamics-suhl.de\/monsterblog\/wp-json\/wp\/v2\/media?parent=931"}],"wp:term":[{"taxonomy":"category","embeddable":true,"href":"https:\/\/www.dynamics-suhl.de\/monsterblog\/wp-json\/wp\/v2\/categories?post=931"},{"taxonomy":"post_tag","embeddable":true,"href":"https:\/\/www.dynamics-suhl.de\/monsterblog\/wp-json\/wp\/v2\/tags?post=931"}],"curies":[{"name":"wp","href":"https:\/\/api.w.org\/{rel}","templated":true}]}}